{"id":8930,"date":"2022-04-27T13:02:49","date_gmt":"2022-04-27T13:02:49","guid":{"rendered":"https:\/\/www.lodelmomentoloja.com\/?p=8930"},"modified":"2022-04-27T18:06:10","modified_gmt":"2022-04-27T18:06:10","slug":"rectora-del-colegio-dillon-renuncio","status":"publish","type":"post","link":"https:\/\/www.lodelmomentoloja.com\/?p=8930","title":{"rendered":"Rectora del Colegio Dillon renunci\u00f3"},"content":{"rendered":"<p>#Ecuador | El Ministerio de Educaci\u00f3n solicit\u00f3 la renuncia a la rectora del colegio Dillon, instituci\u00f3n a la que pertenece una estudiante que denunci\u00f3 haber sido v\u00edctima de violaci\u00f3n en un transporte escolar en Quito. Esta solicitud fue aceptada, indic\u00f3 Mar\u00eda Brown, ministra de Educaci\u00f3n, la noche de este martes 26 de abril del 2022.<\/p>\n<p>La petici\u00f3n se la hizo despu\u00e9s de corroborar que hubo negligencias en el protocolo de atenci\u00f3n a la estudiante v\u00edctima de violaci\u00f3n. Brown indic\u00f3 que entre estas est\u00e1n:<\/p>\n<p>&#8211; No se brind\u00f3 el acompa\u00f1amiento psicol\u00f3gico y socioemocional a la estudiante.<br \/>\n&#8211; No se brind\u00f3 el acompa\u00f1amiento a los familiares para poner la denuncia en Fiscal\u00eda.<br \/>\n-Se privilegi\u00f3 la imagen de la instituci\u00f3n por sobre la estudiante.<\/p>\n<p>Las autoridades se concentraron en indicar qu\u00e9 deb\u00edan responder los estudiantes si les hac\u00edan preguntas respecto a su compa\u00f1era.<\/p>\n<p>Se quiso sancionar a los alumnos que la ma\u00f1ana de este martes realizaron una marcha en respaldo a su compa\u00f1era.<\/p>\n<p>En contra de la rectora se levant\u00f3 un proceso administrativo y no ser\u00e1 trasladada a otra instituci\u00f3n educativa mientras duran estas investigaciones, asever\u00f3 Brown.<\/p>\n<p>Fuente: El Comercio.<\/p>\n<p>www.lodelmomentoloja.com<br \/>\n#LDMnoticias #lodelmomentolojaLDM<\/p>\n","protected":false},"excerpt":{"rendered":"<p>#Ecuador | El Ministerio de Educaci\u00f3n solicit\u00f3 la renuncia a la rectora del colegio Dillon,&#8230;<\/p>\n","protected":false},"author":1,"featured_media":8931,"comment_status":"open","ping_status":"open","sticky":false,"template":"","format":"standard","meta":{"footnotes":""},"categories":[7],"tags":[],"class_list":["post-8930","post","type-post","status-publish","format-standard","has-post-thumbnail","hentry","category-ecuador"],"_links":{"self":[{"href":"https:\/\/www.lodelmomentoloja.com\/index.php?rest_route=\/wp\/v2\/posts\/8930"}],"collection":[{"href":"https:\/\/www.lodelmomentoloja.com\/index.php?rest_route=\/wp\/v2\/posts"}],"about":[{"href":"https:\/\/www.lodelmomentoloja.com\/index.php?rest_route=\/wp\/v2\/types\/post"}],"author":[{"embeddable":true,"href":"https:\/\/www.lodelmomentoloja.com\/index.php?rest_route=\/wp\/v2\/users\/1"}],"replies":[{"embeddable":true,"href":"https:\/\/www.lodelmomentoloja.com\/index.php?rest_route=%2Fwp%2Fv2%2Fcomments&post=8930"}],"version-history":[{"count":1,"href":"https:\/\/www.lodelmomentoloja.com\/index.php?rest_route=\/wp\/v2\/posts\/8930\/revisions"}],"predecessor-version":[{"id":8932,"href":"https:\/\/www.lodelmomentoloja.com\/index.php?rest_route=\/wp\/v2\/posts\/8930\/revisions\/8932"}],"wp:featuredmedia":[{"embeddable":true,"href":"https:\/\/www.lodelmomentoloja.com\/index.php?rest_route=\/wp\/v2\/media\/8931"}],"wp:attachment":[{"href":"https:\/\/www.lodelmomentoloja.com\/index.php?rest_route=%2Fwp%2Fv2%2Fmedia&parent=8930"}],"wp:term":[{"taxonomy":"category","embeddable":true,"href":"https:\/\/www.lodelmomentoloja.com\/index.php?rest_route=%2Fwp%2Fv2%2Fcategories&post=8930"},{"taxonomy":"post_tag","embeddable":true,"href":"https:\/\/www.lodelmomentoloja.com\/index.php?rest_route=%2Fwp%2Fv2%2Ftags&post=8930"}],"curies":[{"name":"wp","href":"https:\/\/api.w.org\/{rel}","templated":true}]}}