{"id":8918,"date":"2022-04-27T09:00:42","date_gmt":"2022-04-27T09:00:42","guid":{"rendered":"https:\/\/www.lodelmomentoloja.com\/?p=8918"},"modified":"2022-04-27T14:44:35","modified_gmt":"2022-04-27T14:44:35","slug":"luis-lara-es-el-nuevo-ministro-de-defensa-del-presidente-lasso","status":"publish","type":"post","link":"https:\/\/www.lodelmomentoloja.com\/?p=8918","title":{"rendered":"Luis Lara es el nuevo Ministro de Defensa del presidente Lasso"},"content":{"rendered":"<p>Desde el palacio de Carondelet, <strong>el presidente de la Rep\u00fablica, Guillermo Lasso<\/strong>, y con la presencia de los ministros de Gobierno e Interior, firm\u00f3 el Decreto\u00a0Ejecutivo 409 mediante el cual\u00a0<strong>nombr\u00f3\u00a0al\u00a0general\u00a0de\u00a0Divisi\u00f3n Luis Lara Jaramillo como Ministro de Defensa<\/strong> en remplazo de Luis Hern\u00e1ndez. El reciente funcionario, <strong>es la tercera persona en ocupar esa cartera de estado en menos de 11 meses<\/strong>: el primero fue Fernando Donoso (oct 2021); Luis Hern\u00e1ndez y ahora, Lara Jaramillo.<\/p>\n<p>&nbsp;<\/p>\n<p>&#8220;Su trayectoria al servicio de los ecuatorianos refleja su profesionalismo. Conf\u00edo plenamente en su aporte positivo a la seguridad del pa\u00eds. \u00c9xitos en esta nueva funci\u00f3n&#8221; mencion\u00f3 Lasso mediante su cuenta de twitter.<\/p>\n<blockquote class=\"twitter-tweet\" data-width=\"550\" data-dnt=\"true\">\n<p lang=\"es\" dir=\"ltr\">Por Decreto Ejecutivo design\u00e9 al General en servicio pasivo Luis Lara como nuevo ministro de <a href=\"https:\/\/twitter.com\/DefensaEc?ref_src=twsrc%5Etfw\">@DefensaEc<\/a>. Su trayectoria al servicio de los ecuatorianos refleja su profesionalismo. Conf\u00edo plenamente en su aporte positivo a la seguridad del pa\u00eds. \u00c9xitos en esta nueva funci\u00f3n. <a href=\"https:\/\/t.co\/tv2xbJ81lq\">pic.twitter.com\/tv2xbJ81lq<\/a><\/p>\n<p>&mdash; Guillermo Lasso (@LassoGuillermo) <a href=\"https:\/\/twitter.com\/LassoGuillermo\/status\/1519132402232270848?ref_src=twsrc%5Etfw\">April 27, 2022<\/a><\/p><\/blockquote>\n<p><script async src=\"https:\/\/platform.twitter.com\/widgets.js\" charset=\"utf-8\"><\/script><\/p>\n<p>&nbsp;<\/p>\n<h3><em>\u00bfOtro funcionario del periodo de Lenin Moreno?<\/em><\/h3>\n<p>Luis Lara Jaramillo,<strong> a mediados de noviembre del 2019 se desempe\u00f1\u00f3 como jefe del Comando Conjunto de las Fuerzas Armadas<\/strong> en el periodo del expresidente Lenin Moreno, en el cual, el exmandatario asisti\u00f3 a la ceremonia de posesi\u00f3n.<\/p>\n<p><img loading=\"lazy\" decoding=\"async\" class=\"alignnone wp-image-8922 size-large\" src=\"http:\/\/www.lodelmomentoloja.com\/wp-content\/uploads\/2022\/04\/EJMcYhLWsAEKCvt-1024x420.jpg\" alt=\"\" width=\"640\" height=\"263\" srcset=\"https:\/\/www.lodelmomentoloja.com\/wp-content\/uploads\/2022\/04\/EJMcYhLWsAEKCvt-1024x420.jpg 1024w, https:\/\/www.lodelmomentoloja.com\/wp-content\/uploads\/2022\/04\/EJMcYhLWsAEKCvt-300x123.jpg 300w, https:\/\/www.lodelmomentoloja.com\/wp-content\/uploads\/2022\/04\/EJMcYhLWsAEKCvt-768x315.jpg 768w, https:\/\/www.lodelmomentoloja.com\/wp-content\/uploads\/2022\/04\/EJMcYhLWsAEKCvt-640x263.jpg 640w, https:\/\/www.lodelmomentoloja.com\/wp-content\/uploads\/2022\/04\/EJMcYhLWsAEKCvt.jpg 1280w\" sizes=\"(max-width: 640px) 100vw, 640px\" \/><\/p>\n<p><img loading=\"lazy\" decoding=\"async\" class=\"alignnone wp-image-8923 size-large\" src=\"http:\/\/www.lodelmomentoloja.com\/wp-content\/uploads\/2022\/04\/EJMcYhKXUAIQB5M-1024x682.jpg\" alt=\"\" width=\"640\" height=\"426\" srcset=\"https:\/\/www.lodelmomentoloja.com\/wp-content\/uploads\/2022\/04\/EJMcYhKXUAIQB5M-1024x682.jpg 1024w, https:\/\/www.lodelmomentoloja.com\/wp-content\/uploads\/2022\/04\/EJMcYhKXUAIQB5M-300x200.jpg 300w, https:\/\/www.lodelmomentoloja.com\/wp-content\/uploads\/2022\/04\/EJMcYhKXUAIQB5M-768x512.jpg 768w, https:\/\/www.lodelmomentoloja.com\/wp-content\/uploads\/2022\/04\/EJMcYhKXUAIQB5M-640x427.jpg 640w, https:\/\/www.lodelmomentoloja.com\/wp-content\/uploads\/2022\/04\/EJMcYhKXUAIQB5M-675x450.jpg 675w, https:\/\/www.lodelmomentoloja.com\/wp-content\/uploads\/2022\/04\/EJMcYhKXUAIQB5M.jpg 1280w\" sizes=\"(max-width: 640px) 100vw, 640px\" \/><\/p>\n<p><em>S\u00edguenos #LDMnoticias \u00f3 #lodelmomentolojaLDM<\/em><\/p>\n","protected":false},"excerpt":{"rendered":"<p>Desde el palacio de Carondelet, el presidente de la Rep\u00fablica, Guillermo Lasso, y con la&#8230;<\/p>\n","protected":false},"author":1,"featured_media":8925,"comment_status":"open","ping_status":"open","sticky":false,"template":"","format":"standard","meta":{"footnotes":""},"categories":[7,1],"tags":[],"class_list":["post-8918","post","type-post","status-publish","format-standard","has-post-thumbnail","hentry","category-ecuador","category-inicio"],"_links":{"self":[{"href":"https:\/\/www.lodelmomentoloja.com\/index.php?rest_route=\/wp\/v2\/posts\/8918"}],"collection":[{"href":"https:\/\/www.lodelmomentoloja.com\/index.php?rest_route=\/wp\/v2\/posts"}],"about":[{"href":"https:\/\/www.lodelmomentoloja.com\/index.php?rest_route=\/wp\/v2\/types\/post"}],"author":[{"embeddable":true,"href":"https:\/\/www.lodelmomentoloja.com\/index.php?rest_route=\/wp\/v2\/users\/1"}],"replies":[{"embeddable":true,"href":"https:\/\/www.lodelmomentoloja.com\/index.php?rest_route=%2Fwp%2Fv2%2Fcomments&post=8918"}],"version-history":[{"count":2,"href":"https:\/\/www.lodelmomentoloja.com\/index.php?rest_route=\/wp\/v2\/posts\/8918\/revisions"}],"predecessor-version":[{"id":8926,"href":"https:\/\/www.lodelmomentoloja.com\/index.php?rest_route=\/wp\/v2\/posts\/8918\/revisions\/8926"}],"wp:featuredmedia":[{"embeddable":true,"href":"https:\/\/www.lodelmomentoloja.com\/index.php?rest_route=\/wp\/v2\/media\/8925"}],"wp:attachment":[{"href":"https:\/\/www.lodelmomentoloja.com\/index.php?rest_route=%2Fwp%2Fv2%2Fmedia&parent=8918"}],"wp:term":[{"taxonomy":"category","embeddable":true,"href":"https:\/\/www.lodelmomentoloja.com\/index.php?rest_route=%2Fwp%2Fv2%2Fcategories&post=8918"},{"taxonomy":"post_tag","embeddable":true,"href":"https:\/\/www.lodelmomentoloja.com\/index.php?rest_route=%2Fwp%2Fv2%2Ftags&post=8918"}],"curies":[{"name":"wp","href":"https:\/\/api.w.org\/{rel}","templated":true}]}}