{"id":8906,"date":"2022-04-26T10:29:18","date_gmt":"2022-04-26T10:29:18","guid":{"rendered":"https:\/\/www.lodelmomentoloja.com\/?p=8906"},"modified":"2022-04-26T15:30:38","modified_gmt":"2022-04-26T15:30:38","slug":"rafael-davila-declina-la-candidatura-a-la-alcaldia-de-loja","status":"publish","type":"post","link":"https:\/\/www.lodelmomentoloja.com\/?p=8906","title":{"rendered":"Rafael D\u00e1vila declina la candidatura a la Alcald\u00eda de Loja."},"content":{"rendered":"<p>#Loja | D\u00e1vila no participar\u00e1 en las seccionales 2023.<\/p>\n<p>El Ing. Rafael D\u00e1vila Eg\u00fcez actual Prefecto de la provincia de Loja, en rueda de prensa anunci\u00f3 que declina por motivos personales su candidatura a la Alcald\u00eda de Loja para el 2023, esto seg\u00fan D\u00e1vila, tras una decisi\u00f3n a lo interno de su organizaci\u00f3n pol\u00edtica. Sin embargo, dijo que no se ser\u00eda por que los n\u00fameros no le daban, sino por temas muy aislados.<\/p>\n<p>www.lodelmomentoloja.com<br \/>\n#LDMnoticias #lodelmomentolojaLDM<\/p>\n","protected":false},"excerpt":{"rendered":"<p>#Loja | D\u00e1vila no participar\u00e1 en las seccionales 2023. El Ing. Rafael D\u00e1vila Eg\u00fcez actual&#8230;<\/p>\n","protected":false},"author":1,"featured_media":8907,"comment_status":"open","ping_status":"open","sticky":false,"template":"","format":"standard","meta":{"footnotes":""},"categories":[5],"tags":[],"class_list":["post-8906","post","type-post","status-publish","format-standard","has-post-thumbnail","hentry","category-loja"],"_links":{"self":[{"href":"https:\/\/www.lodelmomentoloja.com\/index.php?rest_route=\/wp\/v2\/posts\/8906"}],"collection":[{"href":"https:\/\/www.lodelmomentoloja.com\/index.php?rest_route=\/wp\/v2\/posts"}],"about":[{"href":"https:\/\/www.lodelmomentoloja.com\/index.php?rest_route=\/wp\/v2\/types\/post"}],"author":[{"embeddable":true,"href":"https:\/\/www.lodelmomentoloja.com\/index.php?rest_route=\/wp\/v2\/users\/1"}],"replies":[{"embeddable":true,"href":"https:\/\/www.lodelmomentoloja.com\/index.php?rest_route=%2Fwp%2Fv2%2Fcomments&post=8906"}],"version-history":[{"count":1,"href":"https:\/\/www.lodelmomentoloja.com\/index.php?rest_route=\/wp\/v2\/posts\/8906\/revisions"}],"predecessor-version":[{"id":8908,"href":"https:\/\/www.lodelmomentoloja.com\/index.php?rest_route=\/wp\/v2\/posts\/8906\/revisions\/8908"}],"wp:featuredmedia":[{"embeddable":true,"href":"https:\/\/www.lodelmomentoloja.com\/index.php?rest_route=\/wp\/v2\/media\/8907"}],"wp:attachment":[{"href":"https:\/\/www.lodelmomentoloja.com\/index.php?rest_route=%2Fwp%2Fv2%2Fmedia&parent=8906"}],"wp:term":[{"taxonomy":"category","embeddable":true,"href":"https:\/\/www.lodelmomentoloja.com\/index.php?rest_route=%2Fwp%2Fv2%2Fcategories&post=8906"},{"taxonomy":"post_tag","embeddable":true,"href":"https:\/\/www.lodelmomentoloja.com\/index.php?rest_route=%2Fwp%2Fv2%2Ftags&post=8906"}],"curies":[{"name":"wp","href":"https:\/\/api.w.org\/{rel}","templated":true}]}}