{"id":8849,"date":"2022-04-22T11:40:30","date_gmt":"2022-04-22T11:40:30","guid":{"rendered":"https:\/\/www.lodelmomentoloja.com\/?p=8849"},"modified":"2022-04-22T16:41:41","modified_gmt":"2022-04-22T16:41:41","slug":"belgica-concede-asilo-politico-a-rafael-correa","status":"publish","type":"post","link":"https:\/\/www.lodelmomentoloja.com\/?p=8849","title":{"rendered":"B\u00e9lgica concede asilo pol\u00edtico a Rafael Correa"},"content":{"rendered":"<p dir=\"ltr\">#Internacional | B\u00e9lgica brindar\u00eda asilo pol\u00edtico para expresidente Rafael Correa.<\/p>\n<p dir=\"ltr\">Una agencia de comunicaci\u00f3n difundi\u00f3 este viernes 22 de abril de 2022 la noticia de que Rafael Correa, expresidente del Ecuador, tiene asilo pol\u00edtico por parte de B\u00e9lgica, tras persecuci\u00f3n pol\u00edtica.<\/p>\n<p dir=\"ltr\">\u201cLa importancia de esta medida, que supone un reconocimiento de la condici\u00f3n de perseguido pol\u00edtico del exmandatario, a la vez que pone de manifiesto el Lawfare cometido en contra de \u00e9l y el resto de los representantes del corre\u00edsmo\u201d, indica Christophe Marchand, abogado de Correa a la agencia Communication, que maneja la comunicaci\u00f3n del despacho de abogados belga Ius Cogens.<\/p>\n<p dir=\"ltr\">El comunicado de los abogados coincide con la noticia de que Iv\u00e1n Saquicela, presidente de la Corte Nacional de Justicia, firm\u00f3 el pedido de extradici\u00f3n a B\u00e9lgica, en donde Correa fij\u00f3 su residencia al estar casado con una ciudadana de ese pa\u00eds.<\/p>\n<p dir=\"ltr\">V\u00eda: Expres\u00f3 Ec<\/p>\n<p dir=\"ltr\">www.lodelmomentoloja.com<br \/>\n#LDMnoticias#lodelmomentolojaLDM<\/p>\n","protected":false},"excerpt":{"rendered":"<p>#Internacional | B\u00e9lgica brindar\u00eda asilo pol\u00edtico para expresidente Rafael Correa. Una agencia de comunicaci\u00f3n difundi\u00f3&#8230;<\/p>\n","protected":false},"author":1,"featured_media":8850,"comment_status":"open","ping_status":"open","sticky":false,"template":"","format":"standard","meta":{"footnotes":""},"categories":[4],"tags":[],"class_list":["post-8849","post","type-post","status-publish","format-standard","has-post-thumbnail","hentry","category-internacional"],"_links":{"self":[{"href":"https:\/\/www.lodelmomentoloja.com\/index.php?rest_route=\/wp\/v2\/posts\/8849"}],"collection":[{"href":"https:\/\/www.lodelmomentoloja.com\/index.php?rest_route=\/wp\/v2\/posts"}],"about":[{"href":"https:\/\/www.lodelmomentoloja.com\/index.php?rest_route=\/wp\/v2\/types\/post"}],"author":[{"embeddable":true,"href":"https:\/\/www.lodelmomentoloja.com\/index.php?rest_route=\/wp\/v2\/users\/1"}],"replies":[{"embeddable":true,"href":"https:\/\/www.lodelmomentoloja.com\/index.php?rest_route=%2Fwp%2Fv2%2Fcomments&post=8849"}],"version-history":[{"count":1,"href":"https:\/\/www.lodelmomentoloja.com\/index.php?rest_route=\/wp\/v2\/posts\/8849\/revisions"}],"predecessor-version":[{"id":8851,"href":"https:\/\/www.lodelmomentoloja.com\/index.php?rest_route=\/wp\/v2\/posts\/8849\/revisions\/8851"}],"wp:featuredmedia":[{"embeddable":true,"href":"https:\/\/www.lodelmomentoloja.com\/index.php?rest_route=\/wp\/v2\/media\/8850"}],"wp:attachment":[{"href":"https:\/\/www.lodelmomentoloja.com\/index.php?rest_route=%2Fwp%2Fv2%2Fmedia&parent=8849"}],"wp:term":[{"taxonomy":"category","embeddable":true,"href":"https:\/\/www.lodelmomentoloja.com\/index.php?rest_route=%2Fwp%2Fv2%2Fcategories&post=8849"},{"taxonomy":"post_tag","embeddable":true,"href":"https:\/\/www.lodelmomentoloja.com\/index.php?rest_route=%2Fwp%2Fv2%2Ftags&post=8849"}],"curies":[{"name":"wp","href":"https:\/\/api.w.org\/{rel}","templated":true}]}}