{"id":884,"date":"2020-11-24T18:04:35","date_gmt":"2020-11-24T18:04:35","guid":{"rendered":"http:\/\/www.lodelmomentoloja.com\/?p=884"},"modified":"2020-11-24T18:04:38","modified_gmt":"2020-11-24T18:04:38","slug":"vacuna-para-ecuatorianos-llegara-en-enero-del-2021","status":"publish","type":"post","link":"https:\/\/www.lodelmomentoloja.com\/?p=884","title":{"rendered":"Vacuna para ecuatorianos llegar\u00e1 en Enero del 2021"},"content":{"rendered":"\n<p><a href=\"https:\/\/www.facebook.com\/hashtag\/nacional?__eep__=6&amp;__cft__[0]=AZXfVEaAUa6TiPl6bicsHI0J8g7ntAOk19j90wmv0DdBuh8038PHAWI2a2jBbTNClY-Mqctzyj-ki7hJwn3ZdMKbgxJIYsjXFvR0Yzn6SZnVAnIKgimWViy17ArHvugwDVCD7USF4O33W49hgwlr72umlwCYIthjnQ0Vk_05kGKfewy-zbllt4sX5ttbXar_H-0&amp;__tn__=*NK-R\">#Nacional<\/a> | Nueve millones de ecuatorianos ser\u00e1n vacunados.<\/p>\n\n\n\n<p>El presidente del Ecuador, Len\u00edn Moreno, anunci\u00f3 este 23 de Noviembre del 2020 que el ant\u00eddoto para prevenir el COVID-19 podr\u00eda empezar a aplicarse en el pa\u00eds a partir de Enero del 2021.El gobierno de Ecuador, se refiri\u00f3 por primera vez a la distribuci\u00f3n del vacuna.<\/p>\n\n\n\n<p>La dosis llegar\u00e1 a no menos de 9 millones de ecuatorianos que viven la lucha contra el coronavirus, asegur\u00f3 una capacidad para aplicar a 30.000 personas cada d\u00eda.Adem\u00e1s el titular de la Cartera de Salud agreg\u00f3 que el proceso de vacunaci\u00f3n durar\u00e1 entre seis y nueve meses, pues depender\u00e1 del tipo de vacunas. (Ejemplo) &#8220;La Pfizer necesita un sistema de cadena de fr\u00edo m\u00e1s sofisticado que la que ofrece AstraZeneca&#8221;.<\/p>\n\n\n\n<p><a rel=\"noreferrer noopener\" href=\"https:\/\/l.facebook.com\/l.php?u=http%3A%2F%2Fwww.lodelmomentoloja.com%2F%3Ffbclid%3DIwAR2P7sNYbPZ3bHeukcIhY4wVgGvkFjZwAzy9c4H9UlTn1OEeXHU4hYazsFM&amp;h=AT3t2j0kn05k79kIS5D12SfGkhoqirxa_NniRgRppGGx4yUuD1E5aByCtaSbGToGIOa3xvfThuBPUoSq3kcME91JHJpbsM429h127uxEIzqW5BCwQDGhbePOEAAiLzIl&amp;__tn__=-UK-R&amp;c[0]=AT2neehproaP0L1LjgJsObsEEAZY2C4hOmZjRJLDoTVxVF9LxRanS2g7Qlvbj6izX48ok44HI0TL4eVVxMr6eidwMUo8UH_w5UNFXW1IArTa9bc70sc_mlU_4Kmxdij2CI2Q4uYWuuqWtXL0P2X0nrY9LfQlLa6Rf1ThmFlWy7gocvesXEFRM5TWLq75ajIkTcdn2JbqWWtcmj2yS-exjxpa\" target=\"_blank\">www.lodelmomentoloja.com<\/a><\/p>\n\n\n\n<p><a href=\"https:\/\/www.facebook.com\/hashtag\/ldmnoticias?__eep__=6&amp;__cft__[0]=AZXfVEaAUa6TiPl6bicsHI0J8g7ntAOk19j90wmv0DdBuh8038PHAWI2a2jBbTNClY-Mqctzyj-ki7hJwn3ZdMKbgxJIYsjXFvR0Yzn6SZnVAnIKgimWViy17ArHvugwDVCD7USF4O33W49hgwlr72umlwCYIthjnQ0Vk_05kGKfewy-zbllt4sX5ttbXar_H-0&amp;__tn__=*NK-R\">#LDMnoticias<\/a><a href=\"https:\/\/www.facebook.com\/hashtag\/lodelmomentolojaldm?__eep__=6&amp;__cft__[0]=AZXfVEaAUa6TiPl6bicsHI0J8g7ntAOk19j90wmv0DdBuh8038PHAWI2a2jBbTNClY-Mqctzyj-ki7hJwn3ZdMKbgxJIYsjXFvR0Yzn6SZnVAnIKgimWViy17ArHvugwDVCD7USF4O33W49hgwlr72umlwCYIthjnQ0Vk_05kGKfewy-zbllt4sX5ttbXar_H-0&amp;__tn__=*NK-R\"> #lodelmomentolojaLDM<\/a><\/p>\n","protected":false},"excerpt":{"rendered":"<p>#Nacional | Nueve millones de ecuatorianos ser\u00e1n vacunados. El presidente del Ecuador, Len\u00edn Moreno, anunci\u00f3&#8230;<\/p>\n","protected":false},"author":1,"featured_media":885,"comment_status":"open","ping_status":"open","sticky":false,"template":"","format":"standard","meta":{"footnotes":""},"categories":[1],"tags":[],"class_list":["post-884","post","type-post","status-publish","format-standard","has-post-thumbnail","hentry","category-inicio"],"_links":{"self":[{"href":"https:\/\/www.lodelmomentoloja.com\/index.php?rest_route=\/wp\/v2\/posts\/884"}],"collection":[{"href":"https:\/\/www.lodelmomentoloja.com\/index.php?rest_route=\/wp\/v2\/posts"}],"about":[{"href":"https:\/\/www.lodelmomentoloja.com\/index.php?rest_route=\/wp\/v2\/types\/post"}],"author":[{"embeddable":true,"href":"https:\/\/www.lodelmomentoloja.com\/index.php?rest_route=\/wp\/v2\/users\/1"}],"replies":[{"embeddable":true,"href":"https:\/\/www.lodelmomentoloja.com\/index.php?rest_route=%2Fwp%2Fv2%2Fcomments&post=884"}],"version-history":[{"count":1,"href":"https:\/\/www.lodelmomentoloja.com\/index.php?rest_route=\/wp\/v2\/posts\/884\/revisions"}],"predecessor-version":[{"id":886,"href":"https:\/\/www.lodelmomentoloja.com\/index.php?rest_route=\/wp\/v2\/posts\/884\/revisions\/886"}],"wp:featuredmedia":[{"embeddable":true,"href":"https:\/\/www.lodelmomentoloja.com\/index.php?rest_route=\/wp\/v2\/media\/885"}],"wp:attachment":[{"href":"https:\/\/www.lodelmomentoloja.com\/index.php?rest_route=%2Fwp%2Fv2%2Fmedia&parent=884"}],"wp:term":[{"taxonomy":"category","embeddable":true,"href":"https:\/\/www.lodelmomentoloja.com\/index.php?rest_route=%2Fwp%2Fv2%2Fcategories&post=884"},{"taxonomy":"post_tag","embeddable":true,"href":"https:\/\/www.lodelmomentoloja.com\/index.php?rest_route=%2Fwp%2Fv2%2Ftags&post=884"}],"curies":[{"name":"wp","href":"https:\/\/api.w.org\/{rel}","templated":true}]}}