{"id":8771,"date":"2022-04-18T09:00:13","date_gmt":"2022-04-18T09:00:13","guid":{"rendered":"https:\/\/www.lodelmomentoloja.com\/?p=8771"},"modified":"2022-04-18T15:22:50","modified_gmt":"2022-04-18T15:22:50","slug":"declaratoria-de-emergencia-en-loja-sin-resultados-e-informacion","status":"publish","type":"post","link":"https:\/\/www.lodelmomentoloja.com\/?p=8771","title":{"rendered":"Declaratoria de emergencia en Loja sin resultados e informaci\u00f3n"},"content":{"rendered":"<p>Casi 1 mes ha pasado desde que la Alcaldesa Patricia Picoita, realiz\u00f3 la Declaratoria de Emergencia para el cant\u00f3n Loja, esto, ante la enorme <strong>problem\u00e1tica que dej\u00f3 el periodo invernal, ocasionando da\u00f1os en v\u00edas, alcantarillado y el sistema de agua potable<\/strong>. Barrios y la comunidad en general, esperan que desde el Municipio de Loja inicien intervenciones, ya que no solo por emergencia se han dado estos problemas sino de forma general ya se ven\u00edan dando, pero hasta el momento no hay respuesta alguna, mucho menos un pronunciamiento p\u00fablico sobre la decisi\u00f3n antes mencionada por la primera autoridad.<\/p>\n<p>Para medios de comunicaci\u00f3n, el Coordinador General R\u00f3mulo Ch\u00e1vez, aseguraba que en el Municipio podr\u00e1n disponer de los recursos con los que cuenta para atender este problema, a tal punto que ni a los concejales se les ha informado sobre el alcance de la declaratoria de emergencia y as\u00ed, poder conocer la cantidad a destinar, pero sigue siendo lo mismo.<\/p>\n<p>&nbsp;<\/p>\n<p><strong>LOS PROBLEMAS M\u00c1S VISIBLES.<\/strong><\/p>\n<p>Si de colapso del sistema de alcantarillado se habla, varias decenas de barrios tienen este problema en diferentes cuadras, a tal punto que es dif\u00edcil de calcular un n\u00famero estimado. Por otro lado, a m\u00e1s de estar abandonadas las calles de Loja por la falta de mantenimiento, vamos a enumerar unos pocos casos, como es la<strong> Av. 8 de diciembre<\/strong> al norte de la ciudad de Loja hay cr\u00e1teres con charcos de agua donde el transitar es insoportable; un caso en menor proporci\u00f3n, es la <strong>Av. Manuel Agust\u00edn Aguirre<\/strong> que se encuentra en pleno casco central, esta tiene varios fallos en los asfaltados y bordillos por donde pasa el bus urbano, y el m\u00e1s reciente, un colapso de la v\u00eda que conecta con el <strong>barrio Eucaliptos<\/strong>, al occidente de la ciudad, donde veh\u00edculos tiene que cruzar por encima de la vereda para no irse colina abajo, pues la ruptura de la v\u00eda se encuentra casi en un 80%. Otro tema que ya es casi algo normal en estos tiempos, es los cortes de agua y sus innumerables da\u00f1os que se ocasionan ante la presencia de lluvias, este \u00faltimo mes han habido barrios sin el servicio del l\u00edquido vital por hasta 5 d\u00edas.<\/p>\n<div class=\"kvgmc6g5 cxmmr5t8 oygrvhab hcukyx3x c1et5uql ii04i59q\"><\/div>\n<p>&nbsp;<\/p>\n<p><strong>\u00bfQu\u00e9 est\u00e1 esperando la Alcaldesa Picoita?<\/strong><\/p>\n<p>El silencio ha sido la principal maniobra de la Alcaldesa, ya que al pedir informaci\u00f3n como principal autoridad encargada del ordenamiento del cant\u00f3n, tampoco se ha tenido mucha respuesta, un acto que era diferente cuando era concejal y buscaba ser visible ante los medios de comunicaci\u00f3n, m\u00e1s a\u00fan, que el conocimiento p\u00fablico de los recursos con los que cuenta el GAD Loja, es b\u00e1sico para promover gestiones de apoyo econ\u00f3mico con el Gobierno Nacional, pero de esto, como se lo ha mencionado en la presente nota, no hay nada de informaci\u00f3n.<\/p>\n<p>&nbsp;<\/p>\n<p><em>S\u00edguenos #LDMnoticias #lodelmomentolojaLDM<\/em><\/p>\n","protected":false},"excerpt":{"rendered":"<p>Casi 1 mes ha pasado desde que la Alcaldesa Patricia Picoita, realiz\u00f3 la Declaratoria de&#8230;<\/p>\n","protected":false},"author":1,"featured_media":8772,"comment_status":"open","ping_status":"open","sticky":false,"template":"","format":"standard","meta":{"footnotes":""},"categories":[1,5],"tags":[],"class_list":["post-8771","post","type-post","status-publish","format-standard","has-post-thumbnail","hentry","category-inicio","category-loja"],"_links":{"self":[{"href":"https:\/\/www.lodelmomentoloja.com\/index.php?rest_route=\/wp\/v2\/posts\/8771"}],"collection":[{"href":"https:\/\/www.lodelmomentoloja.com\/index.php?rest_route=\/wp\/v2\/posts"}],"about":[{"href":"https:\/\/www.lodelmomentoloja.com\/index.php?rest_route=\/wp\/v2\/types\/post"}],"author":[{"embeddable":true,"href":"https:\/\/www.lodelmomentoloja.com\/index.php?rest_route=\/wp\/v2\/users\/1"}],"replies":[{"embeddable":true,"href":"https:\/\/www.lodelmomentoloja.com\/index.php?rest_route=%2Fwp%2Fv2%2Fcomments&post=8771"}],"version-history":[{"count":1,"href":"https:\/\/www.lodelmomentoloja.com\/index.php?rest_route=\/wp\/v2\/posts\/8771\/revisions"}],"predecessor-version":[{"id":8773,"href":"https:\/\/www.lodelmomentoloja.com\/index.php?rest_route=\/wp\/v2\/posts\/8771\/revisions\/8773"}],"wp:featuredmedia":[{"embeddable":true,"href":"https:\/\/www.lodelmomentoloja.com\/index.php?rest_route=\/wp\/v2\/media\/8772"}],"wp:attachment":[{"href":"https:\/\/www.lodelmomentoloja.com\/index.php?rest_route=%2Fwp%2Fv2%2Fmedia&parent=8771"}],"wp:term":[{"taxonomy":"category","embeddable":true,"href":"https:\/\/www.lodelmomentoloja.com\/index.php?rest_route=%2Fwp%2Fv2%2Fcategories&post=8771"},{"taxonomy":"post_tag","embeddable":true,"href":"https:\/\/www.lodelmomentoloja.com\/index.php?rest_route=%2Fwp%2Fv2%2Ftags&post=8771"}],"curies":[{"name":"wp","href":"https:\/\/api.w.org\/{rel}","templated":true}]}}