{"id":874,"date":"2020-11-18T11:59:28","date_gmt":"2020-11-18T11:59:28","guid":{"rendered":"http:\/\/www.lodelmomentoloja.com\/?p=874"},"modified":"2020-11-18T18:00:55","modified_gmt":"2020-11-18T18:00:55","slug":"lo-mejor-de-loja-premian-a-caficultores-lojanos","status":"publish","type":"post","link":"https:\/\/www.lodelmomentoloja.com\/?p=874","title":{"rendered":"\u201cLo mejor de Loja\u201d premian a caficultores lojanos."},"content":{"rendered":"\n<p>En el marco del Tercer Concurso Subasta Electr\u00f3nica de Caf\u00e9s Especiales \u201cLo mejor de Loja\u201d, durante esta semana, se desarroll\u00f3 la premiaci\u00f3n de los mejores lotes de caf\u00e9 de la provincia de Loja, evento del que participaron el prefecto Rafael D\u00e1vila; Mar\u00eda Jos\u00e9 Coronel, viceprefecta; Jackson Torres, Viceministro de Producci\u00f3n e Industrias; F\u00e9lix Paladines, Director Distrital del Ministerio de Agricultura, entre otros.&nbsp;&nbsp;<\/p>\n\n\n\n<p>Al evento asistieron 17 productores, se hizo un reconocimiento especial a los caficultores Ramiro Coronel Pilco y Manuel Romero S\u00e1nchez, quienes destacaron con el primero y segundo lugar del concurso nacional Taza Dorada 2020.<\/p>\n\n\n\n<p>Rafael D\u00e1vila, prefecto, destac\u00f3 la importancia de trabajar y seguir apoyando al sector productivo de la provincia, \u201cel aunar esfuerzos entre instituciones es el camino correcto para trabajar por el sector productivo, hemos organizado este evento como Mesa Provincial del Caf\u00e9 para dar un reconocimiento especial a aquellos caficultores que se esfuerzan d\u00eda a d\u00eda y hacen posible que podamos sentirnos orgullosos de lo que se est\u00e1 haciendo por su caf\u00e9\u201d.<\/p>\n\n\n\n<p>Jackson Torres, Viceministro de Producci\u00f3n e Industrias, felicit\u00f3 a los productores por el esfuerzo que realizan para mejorar la calidad del caf\u00e9, a\u00f1adi\u00f3 que \u201cel trabajar mancomunadamente es primordial para construir ese camino para posicionar al caf\u00e9 del Ecuador y sobre todo al de Loja en sitiales internacionales\u201d.<\/p>\n\n\n\n<p>F\u00e9lix Paladines, Director Distrital del Ministerio de Agricultura, mencion\u00f3 que el objetivo com\u00fan de las instituciones es reposicionar al caf\u00e9 lojano, as\u00ed mismo, Roberto Jim\u00e9nez, presidente del Comit\u00e9 Organizador del III Concurso de Subasta de Caf\u00e9s Especiales, se\u00f1ala que este evento se ha convertido en un gran referente para promocionar al caf\u00e9 de Loja en est\u00e1ndares internacionales.<\/p>\n\n\n\n<p><strong>Clasificaci\u00f3n<\/strong> Los mejores puntuados fueron: tercer puesto con 89,18 puntos, Servio Gonz\u00e1lez, de Quilanga; segunda ubicaci\u00f3n con un puntaje de 89,7, Manuel Sandoval, del cant\u00f3n Saraguro; y, el primer lugar se adjudic\u00f3 Manuel Romero con un puntaje de 90,09.<\/p>\n","protected":false},"excerpt":{"rendered":"<p>En el marco del Tercer Concurso Subasta Electr\u00f3nica de Caf\u00e9s Especiales \u201cLo mejor de Loja\u201d,&#8230;<\/p>\n","protected":false},"author":1,"featured_media":875,"comment_status":"open","ping_status":"open","sticky":false,"template":"","format":"standard","meta":{"footnotes":""},"categories":[1,5],"tags":[],"class_list":["post-874","post","type-post","status-publish","format-standard","has-post-thumbnail","hentry","category-inicio","category-loja"],"_links":{"self":[{"href":"https:\/\/www.lodelmomentoloja.com\/index.php?rest_route=\/wp\/v2\/posts\/874"}],"collection":[{"href":"https:\/\/www.lodelmomentoloja.com\/index.php?rest_route=\/wp\/v2\/posts"}],"about":[{"href":"https:\/\/www.lodelmomentoloja.com\/index.php?rest_route=\/wp\/v2\/types\/post"}],"author":[{"embeddable":true,"href":"https:\/\/www.lodelmomentoloja.com\/index.php?rest_route=\/wp\/v2\/users\/1"}],"replies":[{"embeddable":true,"href":"https:\/\/www.lodelmomentoloja.com\/index.php?rest_route=%2Fwp%2Fv2%2Fcomments&post=874"}],"version-history":[{"count":1,"href":"https:\/\/www.lodelmomentoloja.com\/index.php?rest_route=\/wp\/v2\/posts\/874\/revisions"}],"predecessor-version":[{"id":876,"href":"https:\/\/www.lodelmomentoloja.com\/index.php?rest_route=\/wp\/v2\/posts\/874\/revisions\/876"}],"wp:featuredmedia":[{"embeddable":true,"href":"https:\/\/www.lodelmomentoloja.com\/index.php?rest_route=\/wp\/v2\/media\/875"}],"wp:attachment":[{"href":"https:\/\/www.lodelmomentoloja.com\/index.php?rest_route=%2Fwp%2Fv2%2Fmedia&parent=874"}],"wp:term":[{"taxonomy":"category","embeddable":true,"href":"https:\/\/www.lodelmomentoloja.com\/index.php?rest_route=%2Fwp%2Fv2%2Fcategories&post=874"},{"taxonomy":"post_tag","embeddable":true,"href":"https:\/\/www.lodelmomentoloja.com\/index.php?rest_route=%2Fwp%2Fv2%2Ftags&post=874"}],"curies":[{"name":"wp","href":"https:\/\/api.w.org\/{rel}","templated":true}]}}