{"id":8719,"date":"2022-04-14T08:00:07","date_gmt":"2022-04-14T08:00:07","guid":{"rendered":"https:\/\/www.lodelmomentoloja.com\/?p=8719"},"modified":"2022-04-14T14:52:06","modified_gmt":"2022-04-14T14:52:06","slug":"pelicula-de-dragon-ball-super-tiene-fecha-de-estreno","status":"publish","type":"post","link":"https:\/\/www.lodelmomentoloja.com\/?p=8719","title":{"rendered":"Pel\u00edcula de Dragon Ball Super tiene fecha de estreno"},"content":{"rendered":"<div class=\"art-body\">\n<p><strong>Dragon Ball Super: Super Hero<\/strong> se estrenar\u00e1 en los cines de Jap\u00f3n el pr\u00f3ximo <strong>11 de junio de 202<\/strong>2. Toei Animation ha confirmado la fecha de estreno de la esperad\u00edsima pel\u00edcula basada en la obra de Akira Toriyama. El debut del largometraje, inicialmente contemplado para este 22 de abril, <a href=\"https:\/\/as.com\/meristation\/2022\/03\/18\/noticias\/1647586190_339755.html\">qued\u00f3 suspendido indefinidamente<\/a> con motivo de un hackeo en los servidores de la empresa, que comprometieron la seguridad del sitio.<\/p>\n<p>Como consecuencia del ataque, tanto\u00a0<strong>Dragon Ball Super: Super Hero<\/strong>\u00a0como otras series de anime de la cadena (One Piece y Digimon: Ghost Game como nombres destacados) tuvieron que posponer las fechas de emisi\u00f3n de sus respectivos anime. Por ejemplo, el\u00a0<a href=\"https:\/\/as.com\/meristation\/2022\/04\/07\/noticias\/1649312395_369579.html\">episodio 1014 de One Piece<\/a> tambi\u00e9n tiene ya nueva fecha de estreno. La secuencia de esta pel\u00edcula estar\u00e1 situada cronol\u00f3gicamente justo de la pel\u00edcula <strong>Dragon Ball Super: Broly<\/strong>; si bien antes del Tenkaichi Budokai (World Tournament) n\u00famero 28. De acuerdo con las informaciones oficiales,\u00a0<strong>Akira Toriyama est\u00e1 contribuyendo \u201cenormemente\u201d en la realizaci\u00f3n de la pel\u00edcula<\/strong>. Desde el guion, hasta el dise\u00f1o de algunos personajes.<\/p>\n<\/div>\n<p>&nbsp;<\/p>\n<h3>ANUNCIO V\u00cdA TWITTER<\/h3>\n<p>https:\/\/twitter.com\/DB_super2015\/status\/1514483668836061187<\/p>\n<p>Por su parte, Masako Nozawa, voz de Kakarot\/Goku desde los or\u00edgenes, mostr\u00f3 el pasado octubre su entusiasmo por esta cinta CGI, un estilo de animaci\u00f3n que ser\u00e1, en realidad, la principal novedad de la producci\u00f3n: \u201cQuiero decir a los fans de Dragon Ball de todo el mundo que esta nueva pel\u00edcula, Dragon Ball Super: SUPER HERO, seguramente superar\u00e1 todas vuestras expectativas\u201d. En el resto del equipo encargado de la pel\u00edcula tenemos a Akio Iyoku como productor ejecutivo, Norihiro Hayashida como productor y Tetsuro Kodama como director.<\/p>\n<p><a href=\"https:\/\/as.com\/meristation\/tag\/dragon_ball_super\/a\/?omnil=restag\">Dragon Ball Super: Super Hero<\/a>\u00a0se estrenar\u00e1 en cines de Jap\u00f3n el pr\u00f3ximo 11 de junio de 2022. Todav\u00eda no conocemos la fecha oficial de estreno de la pel\u00edcula en el mercado internacional; mientras tanto, ser\u00e1n los residentes en tierras niponas quienes puedan despedir la primavera con esta segunda pel\u00edcula oficial bajo el sello Dragon Ball Super.<\/p>\n<p>Fuente |\u00a0<a href=\"https:\/\/twitter.com\/DB_super2015\/status\/1514483668836061187\" target=\"_blank\" rel=\"nofollow noopener\">Dragon Ball Super<\/a>; v\u00eda\u00a0<a href=\"https:\/\/twitter.com\/wsj_manga\/status\/1514489238640906249\" target=\"_blank\" rel=\"nofollow noopener\">WSJ_Manga<\/a><\/p>\n<p><em>S\u00edguenos #LDMnoticias #lodelmomentolojaLDM<\/em><\/p>\n","protected":false},"excerpt":{"rendered":"<p>Dragon Ball Super: Super Hero se estrenar\u00e1 en los cines de Jap\u00f3n el pr\u00f3ximo 11&#8230;<\/p>\n","protected":false},"author":1,"featured_media":8726,"comment_status":"open","ping_status":"open","sticky":false,"template":"","format":"standard","meta":{"footnotes":""},"categories":[1,4],"tags":[],"class_list":["post-8719","post","type-post","status-publish","format-standard","has-post-thumbnail","hentry","category-inicio","category-internacional"],"_links":{"self":[{"href":"https:\/\/www.lodelmomentoloja.com\/index.php?rest_route=\/wp\/v2\/posts\/8719"}],"collection":[{"href":"https:\/\/www.lodelmomentoloja.com\/index.php?rest_route=\/wp\/v2\/posts"}],"about":[{"href":"https:\/\/www.lodelmomentoloja.com\/index.php?rest_route=\/wp\/v2\/types\/post"}],"author":[{"embeddable":true,"href":"https:\/\/www.lodelmomentoloja.com\/index.php?rest_route=\/wp\/v2\/users\/1"}],"replies":[{"embeddable":true,"href":"https:\/\/www.lodelmomentoloja.com\/index.php?rest_route=%2Fwp%2Fv2%2Fcomments&post=8719"}],"version-history":[{"count":1,"href":"https:\/\/www.lodelmomentoloja.com\/index.php?rest_route=\/wp\/v2\/posts\/8719\/revisions"}],"predecessor-version":[{"id":8721,"href":"https:\/\/www.lodelmomentoloja.com\/index.php?rest_route=\/wp\/v2\/posts\/8719\/revisions\/8721"}],"wp:featuredmedia":[{"embeddable":true,"href":"https:\/\/www.lodelmomentoloja.com\/index.php?rest_route=\/wp\/v2\/media\/8726"}],"wp:attachment":[{"href":"https:\/\/www.lodelmomentoloja.com\/index.php?rest_route=%2Fwp%2Fv2%2Fmedia&parent=8719"}],"wp:term":[{"taxonomy":"category","embeddable":true,"href":"https:\/\/www.lodelmomentoloja.com\/index.php?rest_route=%2Fwp%2Fv2%2Fcategories&post=8719"},{"taxonomy":"post_tag","embeddable":true,"href":"https:\/\/www.lodelmomentoloja.com\/index.php?rest_route=%2Fwp%2Fv2%2Ftags&post=8719"}],"curies":[{"name":"wp","href":"https:\/\/api.w.org\/{rel}","templated":true}]}}