{"id":8638,"date":"2022-04-11T11:00:31","date_gmt":"2022-04-11T11:00:31","guid":{"rendered":"https:\/\/www.lodelmomentoloja.com\/?p=8638"},"modified":"2022-04-11T21:23:51","modified_gmt":"2022-04-11T21:23:51","slug":"psc-y-creo-se-culpan-mutuamente-de-pactar-con-el-correismo","status":"publish","type":"post","link":"https:\/\/www.lodelmomentoloja.com\/?p=8638","title":{"rendered":"PSC y CREO se culpan mutuamente de pactar con el corre\u00edsmo"},"content":{"rendered":"<p>Tras la salida de la c\u00e1rcel del expresidente Jorge Glas, las reacciones no se han hecho esperar por parte de la opini\u00f3n p\u00fablica y sobre todo, de los partidos pol\u00edticos nacional PSC y CREO, estos se culpan de forma viceversa sobre un supuesto pacto con el corre\u00edsmo.<\/p>\n<p>&nbsp;<\/p>\n<h2><strong>PSC ACUSA A CREO.<\/strong><\/h2>\n<p><img loading=\"lazy\" decoding=\"async\" class=\"wp-image-8640 alignleft\" src=\"http:\/\/www.lodelmomentoloja.com\/wp-content\/uploads\/2022\/04\/FP_x0EYX0AcWQcL-724x1024.jpg\" alt=\"\" width=\"422\" height=\"597\" srcset=\"https:\/\/www.lodelmomentoloja.com\/wp-content\/uploads\/2022\/04\/FP_x0EYX0AcWQcL-724x1024.jpg 724w, https:\/\/www.lodelmomentoloja.com\/wp-content\/uploads\/2022\/04\/FP_x0EYX0AcWQcL-212x300.jpg 212w, https:\/\/www.lodelmomentoloja.com\/wp-content\/uploads\/2022\/04\/FP_x0EYX0AcWQcL-768x1086.jpg 768w, https:\/\/www.lodelmomentoloja.com\/wp-content\/uploads\/2022\/04\/FP_x0EYX0AcWQcL-640x905.jpg 640w, https:\/\/www.lodelmomentoloja.com\/wp-content\/uploads\/2022\/04\/FP_x0EYX0AcWQcL-1086x1536.jpg 1086w, https:\/\/www.lodelmomentoloja.com\/wp-content\/uploads\/2022\/04\/FP_x0EYX0AcWQcL-1024x1448.jpg 1024w, https:\/\/www.lodelmomentoloja.com\/wp-content\/uploads\/2022\/04\/FP_x0EYX0AcWQcL.jpg 1414w\" sizes=\"(max-width: 422px) 100vw, 422px\" \/><\/p>\n<p>&nbsp;<\/p>\n<p>Por parte del PSC, mencionan que existen cuatro hechos innegables que prueban el indiscutible pacto entre el Presidente Guillermo Lasso y ex Presidente Rafael Correa:<\/p>\n<p>&nbsp;<\/p>\n<ol>\n<li>Impuestos, que atentan contra la prosperidad de los ecuatorianos.<\/li>\n<li>Amnist\u00edas a delincuentes comunes, que son inconstitucionales y agravan el problema de la inseguridad ciudadana.<\/li>\n<li>Medidas cautelares inconstitucionales para justificar su inacci\u00f3n en la Asamblea Nacional<\/li>\n<li>Libertad para quienes cumplen condenas por sentencia ejecutoriadas.<\/li>\n<\/ol>\n<p>&nbsp;<\/p>\n<p>Y seg\u00fan el Partido Social Cristiano, los n\u00fameros 3 y 4 implican, adem\u00e1s de una grosera interferencia en la independencia en las funciones legislativas y judiciales, acusando que los jueces no hubieran sin la protecci\u00f3n de ciertos miembros del Consejo de la Judicatura y un Gobierno que lo solape.<\/p>\n<p>&nbsp;<\/p>\n<p>Otro tema que recalca en el comunicado, hace referencia a las declaraciones de la Secretar\u00eda de Comunicaci\u00f3n que pretenden hacer creer que el Gobierno no tuvo nada que ver con las amnist\u00edas, y votaron con 13 legisladores el oficialismo; y con respecto a la decisi\u00f3n del juez de Manglaralto, dizque haciendo aras de la independencia de otras funciones del Estado.<\/p>\n<p>&nbsp;<\/p>\n<h3><\/h3>\n<h3><\/h3>\n<h3><\/h3>\n<h2>CREO ACUSA AL PSC.<\/h2>\n<p><img loading=\"lazy\" decoding=\"async\" class=\"wp-image-8639 alignleft\" src=\"http:\/\/www.lodelmomentoloja.com\/wp-content\/uploads\/2022\/04\/FQCGJodWQAMvird-806x1024.jpg\" alt=\"\" width=\"355\" height=\"451\" srcset=\"https:\/\/www.lodelmomentoloja.com\/wp-content\/uploads\/2022\/04\/FQCGJodWQAMvird-806x1024.jpg 806w, https:\/\/www.lodelmomentoloja.com\/wp-content\/uploads\/2022\/04\/FQCGJodWQAMvird-236x300.jpg 236w, https:\/\/www.lodelmomentoloja.com\/wp-content\/uploads\/2022\/04\/FQCGJodWQAMvird-768x976.jpg 768w, https:\/\/www.lodelmomentoloja.com\/wp-content\/uploads\/2022\/04\/FQCGJodWQAMvird-640x814.jpg 640w, https:\/\/www.lodelmomentoloja.com\/wp-content\/uploads\/2022\/04\/FQCGJodWQAMvird.jpg 929w\" sizes=\"(max-width: 355px) 100vw, 355px\" \/><\/p>\n<p>&nbsp;<\/p>\n<p>El partido del Gobierno, mediante otro comunicado, acusaron que existe un facto de toda la vida entre el Partido Social Cristiano y el corre\u00edsmo por unos 15 a\u00f1os, mencionando que han votado continuamente de la mano de la Asamblea en los temas m\u00e1s importantes, adem\u00e1s, sostienen que la salida de la c\u00e1rcel de Jorge Glas es la expresi\u00f3n de una metida de mano a la justicia.<\/p>\n<p>&nbsp;<\/p>\n<p><em>\u201cSi, existe un pacto, y es aquel notorio entre PSC y el Corre\u00edsmo. Aquel pacto de cargo y sentencias de impunidad de ambas bandas, siempre manteniendo el manejo y metida de mano a las cortes\u201d<\/em> dice CREO, en su comunicado.<\/p>\n<p>Sus representantes del movimiento oficialista, rechazan la decisi\u00f3n judicial y reiteran la preocupaci\u00f3n de las acciones constitucionales, consolidando el apoyo incondicional al Presidente Lasso.<\/p>\n<p>&nbsp;<\/p>\n<p>&nbsp;<\/p>\n<p>&nbsp;<\/p>\n<p>&nbsp;<\/p>\n<p>&nbsp;<\/p>\n<p>\u00bfCu\u00e1l ser\u00e1 la verdad detr\u00e1s de estos comunicados? Es la pregunta, que se hacen los ciudadanos y la incertidumbre que generan estos supuestos pactos.<\/p>\n<p>&nbsp;<\/p>\n<p>S\u00edguenos #LDMnoticias \u00f3 #lodelmomentolojaLDM<\/p>\n","protected":false},"excerpt":{"rendered":"<p>Tras la salida de la c\u00e1rcel del expresidente Jorge Glas, las reacciones no se han&#8230;<\/p>\n","protected":false},"author":1,"featured_media":8641,"comment_status":"open","ping_status":"open","sticky":false,"template":"","format":"standard","meta":{"footnotes":""},"categories":[7,1],"tags":[],"class_list":["post-8638","post","type-post","status-publish","format-standard","has-post-thumbnail","hentry","category-ecuador","category-inicio"],"_links":{"self":[{"href":"https:\/\/www.lodelmomentoloja.com\/index.php?rest_route=\/wp\/v2\/posts\/8638"}],"collection":[{"href":"https:\/\/www.lodelmomentoloja.com\/index.php?rest_route=\/wp\/v2\/posts"}],"about":[{"href":"https:\/\/www.lodelmomentoloja.com\/index.php?rest_route=\/wp\/v2\/types\/post"}],"author":[{"embeddable":true,"href":"https:\/\/www.lodelmomentoloja.com\/index.php?rest_route=\/wp\/v2\/users\/1"}],"replies":[{"embeddable":true,"href":"https:\/\/www.lodelmomentoloja.com\/index.php?rest_route=%2Fwp%2Fv2%2Fcomments&post=8638"}],"version-history":[{"count":1,"href":"https:\/\/www.lodelmomentoloja.com\/index.php?rest_route=\/wp\/v2\/posts\/8638\/revisions"}],"predecessor-version":[{"id":8642,"href":"https:\/\/www.lodelmomentoloja.com\/index.php?rest_route=\/wp\/v2\/posts\/8638\/revisions\/8642"}],"wp:featuredmedia":[{"embeddable":true,"href":"https:\/\/www.lodelmomentoloja.com\/index.php?rest_route=\/wp\/v2\/media\/8641"}],"wp:attachment":[{"href":"https:\/\/www.lodelmomentoloja.com\/index.php?rest_route=%2Fwp%2Fv2%2Fmedia&parent=8638"}],"wp:term":[{"taxonomy":"category","embeddable":true,"href":"https:\/\/www.lodelmomentoloja.com\/index.php?rest_route=%2Fwp%2Fv2%2Fcategories&post=8638"},{"taxonomy":"post_tag","embeddable":true,"href":"https:\/\/www.lodelmomentoloja.com\/index.php?rest_route=%2Fwp%2Fv2%2Ftags&post=8638"}],"curies":[{"name":"wp","href":"https:\/\/api.w.org\/{rel}","templated":true}]}}