{"id":8632,"date":"2022-04-11T09:17:39","date_gmt":"2022-04-11T09:17:39","guid":{"rendered":"https:\/\/www.lodelmomentoloja.com\/?p=8632"},"modified":"2022-04-11T14:21:54","modified_gmt":"2022-04-11T14:21:54","slug":"jorge-glas-llego-a-guayaquil-en-medio-de-fiesta-y-algarabia","status":"publish","type":"post","link":"https:\/\/www.lodelmomentoloja.com\/?p=8632","title":{"rendered":"Jorge Glas lleg\u00f3 a Guayaquil en medio de fiesta y algarab\u00eda"},"content":{"rendered":"<p dir=\"ltr\">#Ecuador | Como si de una campa\u00f1a pol\u00edtica se tratara, el exvicepresidente Jorge Glas lleg\u00f3 a Guayaquil en medio de decenas de simpatizantes que aguardaban, tras su salida de la c\u00e1rcel regional de Cotopaxi.<\/p>\n<p dir=\"ltr\">El ex segundo mandatario se traslad\u00f3 hasta el coliseo River Oeste, suburbio de la ciudad, desde donde se dirigi\u00f3 a sus seguidores.<\/p>\n<p dir=\"ltr\">Jorge Glas agradeci\u00f3 a los presentes por su solidaridad y muestras de cari\u00f1o, y se refiri\u00f3 a sus procesos penales, de los cuales insisti\u00f3 fue injustamente acusado. La salida de Jorge Glas se produce en medio del rechazo del Gobierno y de un cruce de acusaciones entre organizaciones pol\u00edticas.<\/p>\n<p dir=\"ltr\">www.lodelmomentoloja.com<br \/>\n#LDMnoticias#lodelmomentolojaLDM<\/p>\n","protected":false},"excerpt":{"rendered":"<p>#Ecuador | Como si de una campa\u00f1a pol\u00edtica se tratara, el exvicepresidente Jorge Glas lleg\u00f3&#8230;<\/p>\n","protected":false},"author":1,"featured_media":8633,"comment_status":"open","ping_status":"open","sticky":false,"template":"","format":"standard","meta":{"footnotes":""},"categories":[1],"tags":[],"class_list":["post-8632","post","type-post","status-publish","format-standard","has-post-thumbnail","hentry","category-inicio"],"_links":{"self":[{"href":"https:\/\/www.lodelmomentoloja.com\/index.php?rest_route=\/wp\/v2\/posts\/8632"}],"collection":[{"href":"https:\/\/www.lodelmomentoloja.com\/index.php?rest_route=\/wp\/v2\/posts"}],"about":[{"href":"https:\/\/www.lodelmomentoloja.com\/index.php?rest_route=\/wp\/v2\/types\/post"}],"author":[{"embeddable":true,"href":"https:\/\/www.lodelmomentoloja.com\/index.php?rest_route=\/wp\/v2\/users\/1"}],"replies":[{"embeddable":true,"href":"https:\/\/www.lodelmomentoloja.com\/index.php?rest_route=%2Fwp%2Fv2%2Fcomments&post=8632"}],"version-history":[{"count":1,"href":"https:\/\/www.lodelmomentoloja.com\/index.php?rest_route=\/wp\/v2\/posts\/8632\/revisions"}],"predecessor-version":[{"id":8634,"href":"https:\/\/www.lodelmomentoloja.com\/index.php?rest_route=\/wp\/v2\/posts\/8632\/revisions\/8634"}],"wp:featuredmedia":[{"embeddable":true,"href":"https:\/\/www.lodelmomentoloja.com\/index.php?rest_route=\/wp\/v2\/media\/8633"}],"wp:attachment":[{"href":"https:\/\/www.lodelmomentoloja.com\/index.php?rest_route=%2Fwp%2Fv2%2Fmedia&parent=8632"}],"wp:term":[{"taxonomy":"category","embeddable":true,"href":"https:\/\/www.lodelmomentoloja.com\/index.php?rest_route=%2Fwp%2Fv2%2Fcategories&post=8632"},{"taxonomy":"post_tag","embeddable":true,"href":"https:\/\/www.lodelmomentoloja.com\/index.php?rest_route=%2Fwp%2Fv2%2Ftags&post=8632"}],"curies":[{"name":"wp","href":"https:\/\/api.w.org\/{rel}","templated":true}]}}