{"id":863,"date":"2020-11-17T00:00:08","date_gmt":"2020-11-17T00:00:08","guid":{"rendered":"http:\/\/www.lodelmomentoloja.com\/?p=863"},"modified":"2020-11-17T22:54:24","modified_gmt":"2020-11-17T22:54:24","slug":"freddy-bravo-se-postula-a-la-asamblea","status":"publish","type":"post","link":"https:\/\/www.lodelmomentoloja.com\/?p=863","title":{"rendered":"Freddy Bravo se postula a la Asamblea"},"content":{"rendered":"\n<p><a href=\"https:\/\/www.facebook.com\/hashtag\/loja?__eep__=6&amp;__cft__[0]=AZUMVjyDwlPzCDAoU7NEf4SEEj7LlxcGAwq3XqN7adfUFyGXa5O3oPy8tECtO6ChO_GHMXK0izNCWL8hLA3sJdnFjZIcRQYnnfkzi-B8ijtcdyT6ptBHaP3vkIbo94xzvEwA_CZD8EM1tnmprdaXwvEuw3K7yVuSF9Rwh4Gfcjtkg5rLhL4UTNuvtw3_4G7T-Sc&amp;__tn__=*NK-R\">#Loja<\/a> | Freddy Bravo postular\u00e1 por un puesto en la Asamblea Nacional 2021.<\/p>\n\n\n\n<p>En d\u00edas anteriores se especulaba la inscripci\u00f3n de la candidatura para asamble\u00edsta provincial de Loja del ex diputado Freddy Bravo. Una vez aprobada por el CNE el binomio presidencial de Pa\u00fal Carrasco y Frank Vargas Anda, por el Movimiento Pol\u00edtico Podemos.<\/p>\n\n\n\n<p>El movimiento se encuentra a la espera de la aceptaci\u00f3n de la lista de candidatos inscriptos ha asamble\u00edstas por la Provincia de Loja, la cual est\u00e1 conformado por:<\/p>\n\n\n\n<p><img loading=\"lazy\" decoding=\"async\" height=\"16\" width=\"16\" alt=\"\u2714\ufe0f\" src=\"https:\/\/static.xx.fbcdn.net\/images\/emoji.php\/v9\/td8\/1.5\/16\/2714.png\"> Freddy Bravo.<\/p>\n\n\n\n<p><img loading=\"lazy\" decoding=\"async\" height=\"16\" width=\"16\" alt=\"\u2714\ufe0f\" src=\"https:\/\/static.xx.fbcdn.net\/images\/emoji.php\/v9\/td8\/1.5\/16\/2714.png\"> Mar\u00eda de Lourdes Masache.<\/p>\n\n\n\n<p><img loading=\"lazy\" decoding=\"async\" height=\"16\" width=\"16\" alt=\"\u2714\ufe0f\" src=\"https:\/\/static.xx.fbcdn.net\/images\/emoji.php\/v9\/td8\/1.5\/16\/2714.png\"> Gonzalo \u00c1lvarez.<\/p>\n\n\n\n<p><img loading=\"lazy\" decoding=\"async\" height=\"16\" width=\"16\" alt=\"\u2714\ufe0f\" src=\"https:\/\/static.xx.fbcdn.net\/images\/emoji.php\/v9\/td8\/1.5\/16\/2714.png\"> Lola Granda \u00c1lvarez.<\/p>\n","protected":false},"excerpt":{"rendered":"<p>#Loja | Freddy Bravo postular\u00e1 por un puesto en la Asamblea Nacional 2021. En d\u00edas&#8230;<\/p>\n","protected":false},"author":1,"featured_media":864,"comment_status":"open","ping_status":"open","sticky":false,"template":"","format":"standard","meta":{"footnotes":""},"categories":[5],"tags":[],"class_list":["post-863","post","type-post","status-publish","format-standard","has-post-thumbnail","hentry","category-loja"],"_links":{"self":[{"href":"https:\/\/www.lodelmomentoloja.com\/index.php?rest_route=\/wp\/v2\/posts\/863"}],"collection":[{"href":"https:\/\/www.lodelmomentoloja.com\/index.php?rest_route=\/wp\/v2\/posts"}],"about":[{"href":"https:\/\/www.lodelmomentoloja.com\/index.php?rest_route=\/wp\/v2\/types\/post"}],"author":[{"embeddable":true,"href":"https:\/\/www.lodelmomentoloja.com\/index.php?rest_route=\/wp\/v2\/users\/1"}],"replies":[{"embeddable":true,"href":"https:\/\/www.lodelmomentoloja.com\/index.php?rest_route=%2Fwp%2Fv2%2Fcomments&post=863"}],"version-history":[{"count":1,"href":"https:\/\/www.lodelmomentoloja.com\/index.php?rest_route=\/wp\/v2\/posts\/863\/revisions"}],"predecessor-version":[{"id":865,"href":"https:\/\/www.lodelmomentoloja.com\/index.php?rest_route=\/wp\/v2\/posts\/863\/revisions\/865"}],"wp:featuredmedia":[{"embeddable":true,"href":"https:\/\/www.lodelmomentoloja.com\/index.php?rest_route=\/wp\/v2\/media\/864"}],"wp:attachment":[{"href":"https:\/\/www.lodelmomentoloja.com\/index.php?rest_route=%2Fwp%2Fv2%2Fmedia&parent=863"}],"wp:term":[{"taxonomy":"category","embeddable":true,"href":"https:\/\/www.lodelmomentoloja.com\/index.php?rest_route=%2Fwp%2Fv2%2Fcategories&post=863"},{"taxonomy":"post_tag","embeddable":true,"href":"https:\/\/www.lodelmomentoloja.com\/index.php?rest_route=%2Fwp%2Fv2%2Ftags&post=863"}],"curies":[{"name":"wp","href":"https:\/\/api.w.org\/{rel}","templated":true}]}}