{"id":8623,"date":"2022-04-08T10:30:30","date_gmt":"2022-04-08T10:30:30","guid":{"rendered":"https:\/\/www.lodelmomentoloja.com\/?p=8623"},"modified":"2022-04-08T15:55:06","modified_gmt":"2022-04-08T15:55:06","slug":"culmino-el-mantenimiento-electrico-de-la-central-eolica-villonaco","status":"publish","type":"post","link":"https:\/\/www.lodelmomentoloja.com\/?p=8623","title":{"rendered":"Culmin\u00f3 el mantenimiento el\u00e9ctrico de la central e\u00f3lica Villonaco"},"content":{"rendered":"<p>Del 3 de marzo al 8 de abril de 2022, se realiz\u00f3 el mantenimiento semestral el\u00e9ctrico preventivo de la central e\u00f3lica Villonaco, ubicada en la provincia de Loja. En este proceso se ejecut\u00f3 tambi\u00e9n la revisi\u00f3n de la parte externa y limpieza\u00a0 de los aerogeneradores.<\/p>\n<p>&nbsp;<\/p>\n<p>Marcelo Espinoza, Jefe de la central, inform\u00f3 que los mantenimientos establecidos en el plan anual se desarrollan en tres periodos, en los meses de: marzo, mayo y noviembre, esto debido a que es la \u00e9poca del a\u00f1o en la que se registran las menores velocidades de viento. Estas actividades se realizan para garantizar la eficiencia de los sistemas y componentes de los aerogeneradores.<\/p>\n<p>&nbsp;<\/p>\n<p>En este primer mantenimiento, dirigido a los sistemas el\u00e9ctricos y de control, se intervino en el sistema convertidor de frecuencia, el sistema de giro de g\u00f3ndola, sistema de giro de palas, sistema de protecci\u00f3n, control y medici\u00f3n; y, sistemas auxiliares de las unidades de generaci\u00f3n.<\/p>\n<p>&nbsp;<\/p>\n<p><img loading=\"lazy\" decoding=\"async\" class=\"wp-image-8626  alignleft\" src=\"http:\/\/www.lodelmomentoloja.com\/wp-content\/uploads\/2022\/04\/ssss-768x1024.jpg\" alt=\"\" width=\"466\" height=\"621\" srcset=\"https:\/\/www.lodelmomentoloja.com\/wp-content\/uploads\/2022\/04\/ssss-768x1024.jpg 768w, https:\/\/www.lodelmomentoloja.com\/wp-content\/uploads\/2022\/04\/ssss-225x300.jpg 225w, https:\/\/www.lodelmomentoloja.com\/wp-content\/uploads\/2022\/04\/ssss-640x853.jpg 640w, https:\/\/www.lodelmomentoloja.com\/wp-content\/uploads\/2022\/04\/ssss.jpg 960w\" sizes=\"(max-width: 466px) 100vw, 466px\" \/>El mantenimiento externo se efectu\u00f3 en los aerogeneradores 1, 3, 8 y 10. Primero se realiza una revisi\u00f3n visual con vuelos de dron para determinar eventualidades en la estructura. Posteriormente, una inspecci\u00f3n detallada de las partes accediendo al exterior con la ayuda de cuerdas y a trav\u00e9s de plataformas autosustentadas dise\u00f1adas para este fin. El moho e impurezas, que se adhieren en palas y torre, por las condiciones de humedad del emplazamiento, se retiran con la ayuda de una hidro lavadora e insumos de limpieza; y, finalmente, en caso de existir, se corrigen las fallas detectadas.<\/p>\n<p>&nbsp;<\/p>\n<p>Estas labores son desarrolladas por los t\u00e9cnicos de mantenimiento de la central Villonaco, quienes han sido capacitados para realizar estas tareas externas, adem\u00e1s de contar con conocimiento en trabajo y rescate en alturas.<\/p>\n<p>&nbsp;<\/p>\n<p>Roberto Fern\u00e1ndez, jefe de Mantenimiento de la central Villonaco, dio a conocer que seg\u00fan el Plan Anual de Intervenciones, para mayo se prev\u00e9 la realizaci\u00f3n de un nuevo mantenimiento de lubricaci\u00f3n en los sistemas de giro de los aerogeneradores; y, para finales de octubre, noviembre e inicios de diciembre, se planifica el mantenimiento anual a nivel mec\u00e1nico, el semestral en los sistemas el\u00e9ctricos, de lubricaci\u00f3n; adem\u00e1s de la limpieza y arreglos externos.<\/p>\n<p>&nbsp;<\/p>\n<p>En estos 9 a\u00f1os de operaci\u00f3n, la central Villonaco ha rebasado las expectativas existentes en torno a la generaci\u00f3n y eficiencia, par\u00e1metros que se han superado gracias al potencial del recurso e\u00f3lico existente en la zona y al trabajo t\u00e9cnico especializado del personal que labora en la Corporaci\u00f3n El\u00e9ctrica del Ecuador.<\/p>\n<p>&nbsp;<\/p>\n<p><em>S\u00edguenos #LDMnoticias \u00f3 #lodelmomentolojaLDM<\/em><\/p>\n","protected":false},"excerpt":{"rendered":"<p>Del 3 de marzo al 8 de abril de 2022, se realiz\u00f3 el mantenimiento semestral&#8230;<\/p>\n","protected":false},"author":1,"featured_media":8625,"comment_status":"open","ping_status":"open","sticky":false,"template":"","format":"standard","meta":{"footnotes":""},"categories":[1],"tags":[],"class_list":["post-8623","post","type-post","status-publish","format-standard","has-post-thumbnail","hentry","category-inicio"],"_links":{"self":[{"href":"https:\/\/www.lodelmomentoloja.com\/index.php?rest_route=\/wp\/v2\/posts\/8623"}],"collection":[{"href":"https:\/\/www.lodelmomentoloja.com\/index.php?rest_route=\/wp\/v2\/posts"}],"about":[{"href":"https:\/\/www.lodelmomentoloja.com\/index.php?rest_route=\/wp\/v2\/types\/post"}],"author":[{"embeddable":true,"href":"https:\/\/www.lodelmomentoloja.com\/index.php?rest_route=\/wp\/v2\/users\/1"}],"replies":[{"embeddable":true,"href":"https:\/\/www.lodelmomentoloja.com\/index.php?rest_route=%2Fwp%2Fv2%2Fcomments&post=8623"}],"version-history":[{"count":3,"href":"https:\/\/www.lodelmomentoloja.com\/index.php?rest_route=\/wp\/v2\/posts\/8623\/revisions"}],"predecessor-version":[{"id":8628,"href":"https:\/\/www.lodelmomentoloja.com\/index.php?rest_route=\/wp\/v2\/posts\/8623\/revisions\/8628"}],"wp:featuredmedia":[{"embeddable":true,"href":"https:\/\/www.lodelmomentoloja.com\/index.php?rest_route=\/wp\/v2\/media\/8625"}],"wp:attachment":[{"href":"https:\/\/www.lodelmomentoloja.com\/index.php?rest_route=%2Fwp%2Fv2%2Fmedia&parent=8623"}],"wp:term":[{"taxonomy":"category","embeddable":true,"href":"https:\/\/www.lodelmomentoloja.com\/index.php?rest_route=%2Fwp%2Fv2%2Fcategories&post=8623"},{"taxonomy":"post_tag","embeddable":true,"href":"https:\/\/www.lodelmomentoloja.com\/index.php?rest_route=%2Fwp%2Fv2%2Ftags&post=8623"}],"curies":[{"name":"wp","href":"https:\/\/api.w.org\/{rel}","templated":true}]}}