{"id":8598,"date":"2022-04-07T09:26:08","date_gmt":"2022-04-07T09:26:08","guid":{"rendered":"https:\/\/www.lodelmomentoloja.com\/?p=8598"},"modified":"2022-04-07T14:27:55","modified_gmt":"2022-04-07T14:27:55","slug":"exhortan-al-uso-de-mascarilla-por-semana-santa","status":"publish","type":"post","link":"https:\/\/www.lodelmomentoloja.com\/?p=8598","title":{"rendered":"Exhortan al uso de mascarilla por Semana Santa"},"content":{"rendered":"<p dir=\"ltr\">Ecuador | En las celebraciones religiosas por el feriado de Semana Santa todav\u00eda se debe usar mascarilla, inclusive en espacios abiertos., as\u00ed exhorta el Ministerio de Salud P\u00fablica.<\/p>\n<p dir=\"ltr\">As\u00ed manifest\u00f3 la ministra de Salud P\u00fablica, Ximena Garz\u00f3n, ante la proximidad de esos actos que se volver\u00e1n a efectuar en el pa\u00eds tras dos a\u00f1os del inicio de la pandemia. La Semana Santa o Mayor se inicia el Domingo de Ramos (10 de abril) y concluye el Domingo de Resurrecci\u00f3n (17 de abril).<\/p>\n<p dir=\"ltr\">Garz\u00f3n se\u00f1al\u00f3 que al saber que habr\u00e1 mucha movilizaci\u00f3n, el Gobierno no ha tomado ninguna decisi\u00f3n de relajaci\u00f3n de medidas de bioseguridad.<\/p>\n<p dir=\"ltr\">Leer m\u00e1s \ud83d\udc49\ud83c\udffb www.lodelmomentoloja.com<br \/>\n#LDMnoticias#lodelmomentolojaLDM<\/p>\n<p dir=\"ltr\">\n","protected":false},"excerpt":{"rendered":"<p>Ecuador | En las celebraciones religiosas por el feriado de Semana Santa todav\u00eda se debe&#8230;<\/p>\n","protected":false},"author":1,"featured_media":8599,"comment_status":"open","ping_status":"open","sticky":false,"template":"","format":"standard","meta":{"footnotes":""},"categories":[7],"tags":[],"class_list":["post-8598","post","type-post","status-publish","format-standard","has-post-thumbnail","hentry","category-ecuador"],"_links":{"self":[{"href":"https:\/\/www.lodelmomentoloja.com\/index.php?rest_route=\/wp\/v2\/posts\/8598"}],"collection":[{"href":"https:\/\/www.lodelmomentoloja.com\/index.php?rest_route=\/wp\/v2\/posts"}],"about":[{"href":"https:\/\/www.lodelmomentoloja.com\/index.php?rest_route=\/wp\/v2\/types\/post"}],"author":[{"embeddable":true,"href":"https:\/\/www.lodelmomentoloja.com\/index.php?rest_route=\/wp\/v2\/users\/1"}],"replies":[{"embeddable":true,"href":"https:\/\/www.lodelmomentoloja.com\/index.php?rest_route=%2Fwp%2Fv2%2Fcomments&post=8598"}],"version-history":[{"count":1,"href":"https:\/\/www.lodelmomentoloja.com\/index.php?rest_route=\/wp\/v2\/posts\/8598\/revisions"}],"predecessor-version":[{"id":8600,"href":"https:\/\/www.lodelmomentoloja.com\/index.php?rest_route=\/wp\/v2\/posts\/8598\/revisions\/8600"}],"wp:featuredmedia":[{"embeddable":true,"href":"https:\/\/www.lodelmomentoloja.com\/index.php?rest_route=\/wp\/v2\/media\/8599"}],"wp:attachment":[{"href":"https:\/\/www.lodelmomentoloja.com\/index.php?rest_route=%2Fwp%2Fv2%2Fmedia&parent=8598"}],"wp:term":[{"taxonomy":"category","embeddable":true,"href":"https:\/\/www.lodelmomentoloja.com\/index.php?rest_route=%2Fwp%2Fv2%2Fcategories&post=8598"},{"taxonomy":"post_tag","embeddable":true,"href":"https:\/\/www.lodelmomentoloja.com\/index.php?rest_route=%2Fwp%2Fv2%2Ftags&post=8598"}],"curies":[{"name":"wp","href":"https:\/\/api.w.org\/{rel}","templated":true}]}}