{"id":8546,"date":"2022-04-04T12:21:20","date_gmt":"2022-04-04T12:21:20","guid":{"rendered":"https:\/\/www.lodelmomentoloja.com\/?p=8546"},"modified":"2022-04-04T17:22:33","modified_gmt":"2022-04-04T17:22:33","slug":"convenio-entre-premios-verdes-y-utpl","status":"publish","type":"post","link":"https:\/\/www.lodelmomentoloja.com\/?p=8546","title":{"rendered":"Convenio entre Premios Verdes y UTPL"},"content":{"rendered":"<p>#Loja | La Universidad T\u00e9cnica Particular de Loja (UTPL), a trav\u00e9s de su Centro Internacional de Formaci\u00f3n de Autoridades (CIFAL) de Miami (Estados Unidos), suscribi\u00f3 un convenio marco de cooperaci\u00f3n con Premios Verdes, para fortalecer la sostenibilidad en Latinoam\u00e9rica.<\/p>\n<p>Premios Verdes es el festival de sustentabilidad m\u00e1s relevante de la regi\u00f3n, que cada a\u00f1o premia, da visibilidad y crea redes, entre los mejores 500 proyectos sociales y ambientales de Iberoam\u00e9rica. Jos\u00e9 Javier Guarderas, CEO de Premios Verdes, y Juan Esteban Dousdeb\u00e9s, coordinador de CIFAL Miami, participaron de la firma protocolar del acuerdo.<\/p>\n<p>\u201cEl prop\u00f3sito de este convenio es promover, desde Miami, actividades relevantes y cooperar entre ambas instituciones para impulsar una agenda de sostenibilidad en la regi\u00f3n, a trav\u00e9s de iniciativas y proyectos de alto impacto\u201d, mencion\u00f3 Dousdeb\u00e9s.<\/p>\n<p>El alcance del convenio comprende la implementaci\u00f3n de mentor\u00edas, aulas virtuales y programas de formaci\u00f3n de proyectos sostenibles. Adem\u00e1s, se han identificado oportunidades clave a futuro, para gestionar investigaciones y casos conjuntos de an\u00e1lisis, que aporten a la producci\u00f3n de conocimiento sobre buenas pr\u00e1cticas socio-ambientales.<\/p>\n<p>Con este convenio, la UTPL tambi\u00e9n aspira a desarrollar proyectos relacionados con la gesti\u00f3n de carbono neutro para apoyar al ecosistema empresarial del Ecuador e inspirar iniciativas similares en el \u00e1mbito regional. Adicionalmente, a trav\u00e9s de su incubadora de emprendimientos e industrias, se perfila la posibilidad de trabajar con emprendedores que plantean negocios con un triple impacto: econ\u00f3mico, social y ambiental.<\/p>\n","protected":false},"excerpt":{"rendered":"<p>#Loja | La Universidad T\u00e9cnica Particular de Loja (UTPL), a trav\u00e9s de su Centro Internacional&#8230;<\/p>\n","protected":false},"author":1,"featured_media":8547,"comment_status":"open","ping_status":"open","sticky":false,"template":"","format":"standard","meta":{"footnotes":""},"categories":[5],"tags":[],"class_list":["post-8546","post","type-post","status-publish","format-standard","has-post-thumbnail","hentry","category-loja"],"_links":{"self":[{"href":"https:\/\/www.lodelmomentoloja.com\/index.php?rest_route=\/wp\/v2\/posts\/8546"}],"collection":[{"href":"https:\/\/www.lodelmomentoloja.com\/index.php?rest_route=\/wp\/v2\/posts"}],"about":[{"href":"https:\/\/www.lodelmomentoloja.com\/index.php?rest_route=\/wp\/v2\/types\/post"}],"author":[{"embeddable":true,"href":"https:\/\/www.lodelmomentoloja.com\/index.php?rest_route=\/wp\/v2\/users\/1"}],"replies":[{"embeddable":true,"href":"https:\/\/www.lodelmomentoloja.com\/index.php?rest_route=%2Fwp%2Fv2%2Fcomments&post=8546"}],"version-history":[{"count":1,"href":"https:\/\/www.lodelmomentoloja.com\/index.php?rest_route=\/wp\/v2\/posts\/8546\/revisions"}],"predecessor-version":[{"id":8548,"href":"https:\/\/www.lodelmomentoloja.com\/index.php?rest_route=\/wp\/v2\/posts\/8546\/revisions\/8548"}],"wp:featuredmedia":[{"embeddable":true,"href":"https:\/\/www.lodelmomentoloja.com\/index.php?rest_route=\/wp\/v2\/media\/8547"}],"wp:attachment":[{"href":"https:\/\/www.lodelmomentoloja.com\/index.php?rest_route=%2Fwp%2Fv2%2Fmedia&parent=8546"}],"wp:term":[{"taxonomy":"category","embeddable":true,"href":"https:\/\/www.lodelmomentoloja.com\/index.php?rest_route=%2Fwp%2Fv2%2Fcategories&post=8546"},{"taxonomy":"post_tag","embeddable":true,"href":"https:\/\/www.lodelmomentoloja.com\/index.php?rest_route=%2Fwp%2Fv2%2Ftags&post=8546"}],"curies":[{"name":"wp","href":"https:\/\/api.w.org\/{rel}","templated":true}]}}