{"id":849,"date":"2020-11-16T13:00:14","date_gmt":"2020-11-16T13:00:14","guid":{"rendered":"http:\/\/www.lodelmomentoloja.com\/?p=849"},"modified":"2020-11-16T19:38:47","modified_gmt":"2020-11-16T19:38:47","slug":"presidente-moreno-estrena-programa-radial","status":"publish","type":"post","link":"https:\/\/www.lodelmomentoloja.com\/?p=849","title":{"rendered":"Presidente Moreno estrena programa radial."},"content":{"rendered":"\n<p><a href=\"https:\/\/www.facebook.com\/hashtag\/nacional?__eep__=6&amp;__cft__[0]=AZXt9n9QDSoegSn5Ae7gPhJRSCJ-6_arY-cuBYR1PHX7_fBKySmQhss6B2_xwTw5_QEYAWRuQbpdPvp_HuTzCy23Uxxkx8mg-LEtNRp_4NxKON-J8kMmCiLeFuXc_ztUj2a7iABSK0-pPIUT6XK3nZXexxwP5Zk71IhVS63NMLN-mb6PBIrIcs_cj6dqeov6KPQ&amp;__tn__=*NK-R\">#Nacional<\/a> | El espacio se transmitir\u00e1 todos los lunes, a las 11h00, por distintas emisoras y por las redes sociales de la Presidencia.<\/p>\n\n\n\n<p>En medio de la incertidumbre por las medidas que adoptar\u00e1 en un poco m\u00e1s de seis meses para culminar su mandato, el Gobierno Nacional lanzar\u00e1 un programa radial conducido por el mandatario.<\/p>\n\n\n\n<p>Este segmento radial que tendr\u00e1 por nombre &#8216;De Frente con el Presidente&#8217; y su tem\u00e1tica principal ser\u00e1 la gesti\u00f3n del ejecutivo durante los meses restantes al mando del pa\u00eds.<\/p>\n\n\n\n<p>El anuncio oficial lo hizo la Secretaria de Comunicaci\u00f3n de la Presidencia, a trav\u00e9s de un comunicado emitido el domingo 15 de noviembre del 2020, en el que adem\u00e1s se precis\u00f3 que el estreno ser\u00e1 hoy, lunes 16 de noviembre.<\/p>\n","protected":false},"excerpt":{"rendered":"<p>#Nacional | El espacio se transmitir\u00e1 todos los lunes, a las 11h00, por distintas emisoras&#8230;<\/p>\n","protected":false},"author":1,"featured_media":850,"comment_status":"open","ping_status":"open","sticky":false,"template":"","format":"standard","meta":{"footnotes":""},"categories":[7,1],"tags":[],"class_list":["post-849","post","type-post","status-publish","format-standard","has-post-thumbnail","hentry","category-ecuador","category-inicio"],"_links":{"self":[{"href":"https:\/\/www.lodelmomentoloja.com\/index.php?rest_route=\/wp\/v2\/posts\/849"}],"collection":[{"href":"https:\/\/www.lodelmomentoloja.com\/index.php?rest_route=\/wp\/v2\/posts"}],"about":[{"href":"https:\/\/www.lodelmomentoloja.com\/index.php?rest_route=\/wp\/v2\/types\/post"}],"author":[{"embeddable":true,"href":"https:\/\/www.lodelmomentoloja.com\/index.php?rest_route=\/wp\/v2\/users\/1"}],"replies":[{"embeddable":true,"href":"https:\/\/www.lodelmomentoloja.com\/index.php?rest_route=%2Fwp%2Fv2%2Fcomments&post=849"}],"version-history":[{"count":1,"href":"https:\/\/www.lodelmomentoloja.com\/index.php?rest_route=\/wp\/v2\/posts\/849\/revisions"}],"predecessor-version":[{"id":851,"href":"https:\/\/www.lodelmomentoloja.com\/index.php?rest_route=\/wp\/v2\/posts\/849\/revisions\/851"}],"wp:featuredmedia":[{"embeddable":true,"href":"https:\/\/www.lodelmomentoloja.com\/index.php?rest_route=\/wp\/v2\/media\/850"}],"wp:attachment":[{"href":"https:\/\/www.lodelmomentoloja.com\/index.php?rest_route=%2Fwp%2Fv2%2Fmedia&parent=849"}],"wp:term":[{"taxonomy":"category","embeddable":true,"href":"https:\/\/www.lodelmomentoloja.com\/index.php?rest_route=%2Fwp%2Fv2%2Fcategories&post=849"},{"taxonomy":"post_tag","embeddable":true,"href":"https:\/\/www.lodelmomentoloja.com\/index.php?rest_route=%2Fwp%2Fv2%2Ftags&post=849"}],"curies":[{"name":"wp","href":"https:\/\/api.w.org\/{rel}","templated":true}]}}