{"id":8467,"date":"2022-03-28T09:50:56","date_gmt":"2022-03-28T09:50:56","guid":{"rendered":"https:\/\/www.lodelmomentoloja.com\/?p=8467"},"modified":"2022-03-28T14:52:30","modified_gmt":"2022-03-28T14:52:30","slug":"carapaz-vicecampeon-de-la-volta-a-catalunya","status":"publish","type":"post","link":"https:\/\/www.lodelmomentoloja.com\/?p=8467","title":{"rendered":"Carapaz Vicecampe\u00f3n de la Volta a Catalunya"},"content":{"rendered":"<p dir=\"ltr\">#Internacional | El ecuatoriano Richard Carapaz ajusta su rendimiento de cara al Giro de Italia 2022. El ciclista del Ineos se coron\u00f3 vicecampe\u00f3n de la Volta a Catalunya, el domingo 27 de marzo de 2022.<\/p>\n<p dir=\"ltr\">En la \u00faltima etapa, que se corri\u00f3 en Barcelona, el ecuatoriano finaliz\u00f3 en el d\u00e9cimo lugar, sin lograr descontar los 16 segundos que le ten\u00eda de ventaja el colombiano Sergio Higuita, que culmin\u00f3 como campe\u00f3n de la competencia.<\/p>\n<p dir=\"ltr\">www.lodelmomentoloja.com<br \/>\n#LDMnoticias#lodelmomentolojaLDM<\/p>\n","protected":false},"excerpt":{"rendered":"<p>#Internacional | El ecuatoriano Richard Carapaz ajusta su rendimiento de cara al Giro de Italia&#8230;<\/p>\n","protected":false},"author":1,"featured_media":8468,"comment_status":"open","ping_status":"open","sticky":false,"template":"","format":"standard","meta":{"footnotes":""},"categories":[4],"tags":[],"class_list":["post-8467","post","type-post","status-publish","format-standard","has-post-thumbnail","hentry","category-internacional"],"_links":{"self":[{"href":"https:\/\/www.lodelmomentoloja.com\/index.php?rest_route=\/wp\/v2\/posts\/8467"}],"collection":[{"href":"https:\/\/www.lodelmomentoloja.com\/index.php?rest_route=\/wp\/v2\/posts"}],"about":[{"href":"https:\/\/www.lodelmomentoloja.com\/index.php?rest_route=\/wp\/v2\/types\/post"}],"author":[{"embeddable":true,"href":"https:\/\/www.lodelmomentoloja.com\/index.php?rest_route=\/wp\/v2\/users\/1"}],"replies":[{"embeddable":true,"href":"https:\/\/www.lodelmomentoloja.com\/index.php?rest_route=%2Fwp%2Fv2%2Fcomments&post=8467"}],"version-history":[{"count":1,"href":"https:\/\/www.lodelmomentoloja.com\/index.php?rest_route=\/wp\/v2\/posts\/8467\/revisions"}],"predecessor-version":[{"id":8469,"href":"https:\/\/www.lodelmomentoloja.com\/index.php?rest_route=\/wp\/v2\/posts\/8467\/revisions\/8469"}],"wp:featuredmedia":[{"embeddable":true,"href":"https:\/\/www.lodelmomentoloja.com\/index.php?rest_route=\/wp\/v2\/media\/8468"}],"wp:attachment":[{"href":"https:\/\/www.lodelmomentoloja.com\/index.php?rest_route=%2Fwp%2Fv2%2Fmedia&parent=8467"}],"wp:term":[{"taxonomy":"category","embeddable":true,"href":"https:\/\/www.lodelmomentoloja.com\/index.php?rest_route=%2Fwp%2Fv2%2Fcategories&post=8467"},{"taxonomy":"post_tag","embeddable":true,"href":"https:\/\/www.lodelmomentoloja.com\/index.php?rest_route=%2Fwp%2Fv2%2Ftags&post=8467"}],"curies":[{"name":"wp","href":"https:\/\/api.w.org\/{rel}","templated":true}]}}