{"id":8401,"date":"2022-03-21T10:00:44","date_gmt":"2022-03-21T10:00:44","guid":{"rendered":"https:\/\/www.lodelmomentoloja.com\/?p=8401"},"modified":"2022-03-21T18:00:38","modified_gmt":"2022-03-21T18:00:38","slug":"prefecto-de-loja-no-descarta-ser-candidato-a-la-alcaldia-el-2023","status":"publish","type":"post","link":"https:\/\/www.lodelmomentoloja.com\/?p=8401","title":{"rendered":"Prefecto de Loja no descarta ser candidato a la Alcald\u00eda el 2023"},"content":{"rendered":"<p>En el cant\u00f3n Loja, no han dejado de salir a la palestra p\u00fablica los aspirantes para la Alcald\u00eda del 2023, entre ellos, el actual Prefecto Rafael D\u00e1vila, <strong>quien es autoridad desde 1998 hasta la actualidad, llevando casi 24 a\u00f1os en el poder<\/strong>, pero sus aspiraciones no se quedan ah\u00ed, en varias entrevistas en medios de comunicaci\u00f3n, con ilusi\u00f3n pero sin desestimar el tema, no deja la opci\u00f3n de seguir siendo candidato.<\/p>\n<p><strong>Los diferentes periodos de D\u00e1vila en el poder.<\/strong><\/p>\n<ul>\n<li>1998 a 2007 Diputado Nacional.<\/li>\n<li>2009 a 2013 Asamble\u00edsta Nacional.<\/li>\n<li>2014 a 2022 Prefecto de Loja<\/li>\n<\/ul>\n<p>Entre los diferentes sondeos de encuestas que se han expuesto, personalmente, D\u00e1vila no descarta la opci\u00f3n de ser candidato a la Alcald\u00eda del cant\u00f3n capital, pues la Constituci\u00f3n solo permite una reelecci\u00f3n, dejando descartada una participaci\u00f3n por la Prefectura. <em>Emocionado, hace alusi\u00f3n que todo depender\u00e1 de la militancia pol\u00edtica y la aceptaci\u00f3n de la ciudadan\u00eda.<\/em><\/p>\n<p>&nbsp;<\/p>\n<p>Con la posible aspiraci\u00f3n de Rafael D\u00e1vila, tambi\u00e9n est\u00e1 la del exalcalde Jos\u00e9 Bol\u00edvar Castillo, Dr. C\u00e9sar Guerrero, Nixon Granda y la m\u00e1s en firme, la de ex vicealcalde Franco Quezada, incrementando cada m\u00e1s la duda en cuanto a posibilidades de ocupar el sill\u00f3n de Mercadillo.<\/p>\n<p>&nbsp;<\/p>\n<p>S\u00edguenos en #LDMnoticias #lodelmomentolojaLDM<\/p>\n","protected":false},"excerpt":{"rendered":"<p>En el cant\u00f3n Loja, no han dejado de salir a la palestra p\u00fablica los aspirantes&#8230;<\/p>\n","protected":false},"author":1,"featured_media":8402,"comment_status":"open","ping_status":"open","sticky":false,"template":"","format":"standard","meta":{"footnotes":""},"categories":[1,5],"tags":[],"class_list":["post-8401","post","type-post","status-publish","format-standard","has-post-thumbnail","hentry","category-inicio","category-loja"],"_links":{"self":[{"href":"https:\/\/www.lodelmomentoloja.com\/index.php?rest_route=\/wp\/v2\/posts\/8401"}],"collection":[{"href":"https:\/\/www.lodelmomentoloja.com\/index.php?rest_route=\/wp\/v2\/posts"}],"about":[{"href":"https:\/\/www.lodelmomentoloja.com\/index.php?rest_route=\/wp\/v2\/types\/post"}],"author":[{"embeddable":true,"href":"https:\/\/www.lodelmomentoloja.com\/index.php?rest_route=\/wp\/v2\/users\/1"}],"replies":[{"embeddable":true,"href":"https:\/\/www.lodelmomentoloja.com\/index.php?rest_route=%2Fwp%2Fv2%2Fcomments&post=8401"}],"version-history":[{"count":1,"href":"https:\/\/www.lodelmomentoloja.com\/index.php?rest_route=\/wp\/v2\/posts\/8401\/revisions"}],"predecessor-version":[{"id":8403,"href":"https:\/\/www.lodelmomentoloja.com\/index.php?rest_route=\/wp\/v2\/posts\/8401\/revisions\/8403"}],"wp:featuredmedia":[{"embeddable":true,"href":"https:\/\/www.lodelmomentoloja.com\/index.php?rest_route=\/wp\/v2\/media\/8402"}],"wp:attachment":[{"href":"https:\/\/www.lodelmomentoloja.com\/index.php?rest_route=%2Fwp%2Fv2%2Fmedia&parent=8401"}],"wp:term":[{"taxonomy":"category","embeddable":true,"href":"https:\/\/www.lodelmomentoloja.com\/index.php?rest_route=%2Fwp%2Fv2%2Fcategories&post=8401"},{"taxonomy":"post_tag","embeddable":true,"href":"https:\/\/www.lodelmomentoloja.com\/index.php?rest_route=%2Fwp%2Fv2%2Ftags&post=8401"}],"curies":[{"name":"wp","href":"https:\/\/api.w.org\/{rel}","templated":true}]}}