{"id":8344,"date":"2022-03-16T09:18:50","date_gmt":"2022-03-16T09:18:50","guid":{"rendered":"https:\/\/www.lodelmomentoloja.com\/?p=8344"},"modified":"2022-03-16T14:19:56","modified_gmt":"2022-03-16T14:19:56","slug":"lasso-veta-parcialmente-el-proyecto-de-ley-de-aborto-en-casos-de-violacion","status":"publish","type":"post","link":"https:\/\/www.lodelmomentoloja.com\/?p=8344","title":{"rendered":"Lasso veta parcialmente el proyecto de ley de aborto en casos de violaci\u00f3n"},"content":{"rendered":"<p>#Nacional | El presidente Guillermo Lasso comunic\u00f3 su decisi\u00f3n de vetar parcialmente el proyecto de ley de interrupci\u00f3n del embarazo en casos de violaci\u00f3n aprobado por la Asamblea Nacional y que permitir\u00eda que las mujeres que resultaran embarazadas por una violaci\u00f3n puedan abortar en un lapso de tiempo determinado.<\/p>\n<p>La norma aprobada por la Asamblea Nacional estipula que el aborto por violaci\u00f3n en el Ecuador podr\u00e1 practicarse hasta las 12 semanas de gestaci\u00f3n con excepci\u00f3n en las ni\u00f1as, adolescentes y mujeres de la ruralidad e interculturalidad, puesto que para ellas el plazo se ampl\u00eda hasta las 18 semanas.<\/p>\n<p>En un comunicado el Ejecutivo indic\u00f3 que realiz\u00f3 61 observaciones al documento con \u201cel objetivo de que \u00e9ste guarde absoluta concordancia con el dictamen de la CC (Corte Constitucional). Hay dos disposiciones claras en la sentencia que no han sido acatadas por la Asamblea, o que no son coherentes con nuestro marco legal.<\/p>\n<p>El presidente pidi\u00f3 se unifiquen los plazos en todos los casos a 12 semanas y que la Corte ordenaba expresamente establecer requisitos para el acceso al aborto en casos de violaci\u00f3n.<\/p>\n<p>As\u00ed mismo se\u00f1ala que el parlamento ha olvidado la objeci\u00f3n de conciencia y por ende quiere \u201cincluir art\u00edculos que garanticen a todos los profesionales de salud la aplicaci\u00f3n de este principio constitucional\u201d.<\/p>\n<p>Ahora el proyecto de ley volver\u00e1 a la Asamblea Nacional, que tendr\u00e1 30 para decidir si mantiene el texto original o acoge la propuesta de la Presidencia de la Rep\u00fablica.<\/p>\n<p>V\u00eda: El Universo<\/p>\n<p>www.lodelmomentoloja.com<br \/>\n#LDMnoticias #lodelmomentolojaLDM<\/p>\n","protected":false},"excerpt":{"rendered":"<p>#Nacional | El presidente Guillermo Lasso comunic\u00f3 su decisi\u00f3n de vetar parcialmente el proyecto de&#8230;<\/p>\n","protected":false},"author":1,"featured_media":8345,"comment_status":"open","ping_status":"open","sticky":false,"template":"","format":"standard","meta":{"footnotes":""},"categories":[7],"tags":[],"class_list":["post-8344","post","type-post","status-publish","format-standard","has-post-thumbnail","hentry","category-ecuador"],"_links":{"self":[{"href":"https:\/\/www.lodelmomentoloja.com\/index.php?rest_route=\/wp\/v2\/posts\/8344"}],"collection":[{"href":"https:\/\/www.lodelmomentoloja.com\/index.php?rest_route=\/wp\/v2\/posts"}],"about":[{"href":"https:\/\/www.lodelmomentoloja.com\/index.php?rest_route=\/wp\/v2\/types\/post"}],"author":[{"embeddable":true,"href":"https:\/\/www.lodelmomentoloja.com\/index.php?rest_route=\/wp\/v2\/users\/1"}],"replies":[{"embeddable":true,"href":"https:\/\/www.lodelmomentoloja.com\/index.php?rest_route=%2Fwp%2Fv2%2Fcomments&post=8344"}],"version-history":[{"count":1,"href":"https:\/\/www.lodelmomentoloja.com\/index.php?rest_route=\/wp\/v2\/posts\/8344\/revisions"}],"predecessor-version":[{"id":8346,"href":"https:\/\/www.lodelmomentoloja.com\/index.php?rest_route=\/wp\/v2\/posts\/8344\/revisions\/8346"}],"wp:featuredmedia":[{"embeddable":true,"href":"https:\/\/www.lodelmomentoloja.com\/index.php?rest_route=\/wp\/v2\/media\/8345"}],"wp:attachment":[{"href":"https:\/\/www.lodelmomentoloja.com\/index.php?rest_route=%2Fwp%2Fv2%2Fmedia&parent=8344"}],"wp:term":[{"taxonomy":"category","embeddable":true,"href":"https:\/\/www.lodelmomentoloja.com\/index.php?rest_route=%2Fwp%2Fv2%2Fcategories&post=8344"},{"taxonomy":"post_tag","embeddable":true,"href":"https:\/\/www.lodelmomentoloja.com\/index.php?rest_route=%2Fwp%2Fv2%2Ftags&post=8344"}],"curies":[{"name":"wp","href":"https:\/\/api.w.org\/{rel}","templated":true}]}}