{"id":8322,"date":"2022-03-14T14:30:38","date_gmt":"2022-03-14T14:30:38","guid":{"rendered":"https:\/\/www.lodelmomentoloja.com\/?p=8322"},"modified":"2022-03-14T19:36:51","modified_gmt":"2022-03-14T19:36:51","slug":"autoridades-poca-importancia-a-loja","status":"publish","type":"post","link":"https:\/\/www.lodelmomentoloja.com\/?p=8322","title":{"rendered":"Autoridades dan poca importancia a emergencias en Loja"},"content":{"rendered":"<p>#Loja | Desde hace varias semanas, las fuertes lluvias han generado grandes afectaciones en la vialidad, da\u00f1os materiales a propiedades privadas, entre otros que se viven en esta temporada de invierno en la provincia de Loja. Ciudadanos han pedido atenci\u00f3n a las autoridades y tras ello, reci\u00e9n el 6 de marzo del presente a\u00f1o se da una reuni\u00f3n del COE Provincial, presidido por el Gobernador de Loja Mario Mancino, luego de eso, no se ha vuelto a tratar sobre la problem\u00e1tica mediante una convocatoria similar y que pueda ser expuesta ante la opini\u00f3n p\u00fablica.<\/p>\n<p>Pese a que los cantones de Zapotillo, Quilanga, Pindal y otros, se han declarado en emergencia, los Municipios cantonales son quienes est\u00e1n enfrentando la emergencia vial bajo una decisi\u00f3n firme del representante del Presidente de la Rep\u00fablica, en Loja. Inquietudes como: \u00bfPor qu\u00e9 hasta el momento el Gobierno no ha dispuesto recursos extras para atender la emergencia? \u00bfAcaso la falta de recurso es que el Gobernador Mancino no activa reuniones permanentes del COE Provincial para tratar el tema? Sin embargo, en medios de comunicaci\u00f3n, el Gobernador ha recalcado que no hay presupuesto y sigue manteniendo que han heredado un gobierno en unas condiciones no tan favorables.<\/p>\n<p>Por otro lado, la Coordinaci\u00f3n Zonal 7 de Riesgos, tambi\u00e9n le ha dado poca importancia a la emergencia de la Provincia de Loja. Mientras Mar\u00eda Soledad Sotomayor, Coordinador Zonal 7 de Riesgos, realiza actividades de nivel m\u00e1s protocolario, como fue la \u00faltima visita a la Alcaldesa de Loja, dejando un mal sabor a lo que en estos momentos preocupa, la emergencia de la Provincia de Loja por las fuertes lluvias.<\/p>\n<p>Las cr\u00edticas no solo han sido para el Gobernador, quien ha tenido muy poca visibilidad desde que ha empezado el invierno, tambi\u00e9n han sido para Eduardo Punin Subsecretario Zonal 7 del MTOP, en el que incluso un reconocido m\u00e9dico le pide que deje el cargo. Desde redes sociales, donde el actual representante del MTOP es activo, no se lo ha visto coordinando junto al Gobernador alguna actividad que pueda darle soluci\u00f3n a este tema tan delicado.<\/p>\n<p>www.lodelmomentoloja.com<\/p>\n<p>#LDMnoticias #lodelmomentolojaLDM<\/p>\n","protected":false},"excerpt":{"rendered":"<p>#Loja | Desde hace varias semanas, las fuertes lluvias han generado grandes afectaciones en la&#8230;<\/p>\n","protected":false},"author":1,"featured_media":8323,"comment_status":"open","ping_status":"open","sticky":false,"template":"","format":"standard","meta":{"footnotes":""},"categories":[5],"tags":[],"class_list":["post-8322","post","type-post","status-publish","format-standard","has-post-thumbnail","hentry","category-loja"],"_links":{"self":[{"href":"https:\/\/www.lodelmomentoloja.com\/index.php?rest_route=\/wp\/v2\/posts\/8322"}],"collection":[{"href":"https:\/\/www.lodelmomentoloja.com\/index.php?rest_route=\/wp\/v2\/posts"}],"about":[{"href":"https:\/\/www.lodelmomentoloja.com\/index.php?rest_route=\/wp\/v2\/types\/post"}],"author":[{"embeddable":true,"href":"https:\/\/www.lodelmomentoloja.com\/index.php?rest_route=\/wp\/v2\/users\/1"}],"replies":[{"embeddable":true,"href":"https:\/\/www.lodelmomentoloja.com\/index.php?rest_route=%2Fwp%2Fv2%2Fcomments&post=8322"}],"version-history":[{"count":1,"href":"https:\/\/www.lodelmomentoloja.com\/index.php?rest_route=\/wp\/v2\/posts\/8322\/revisions"}],"predecessor-version":[{"id":8324,"href":"https:\/\/www.lodelmomentoloja.com\/index.php?rest_route=\/wp\/v2\/posts\/8322\/revisions\/8324"}],"wp:featuredmedia":[{"embeddable":true,"href":"https:\/\/www.lodelmomentoloja.com\/index.php?rest_route=\/wp\/v2\/media\/8323"}],"wp:attachment":[{"href":"https:\/\/www.lodelmomentoloja.com\/index.php?rest_route=%2Fwp%2Fv2%2Fmedia&parent=8322"}],"wp:term":[{"taxonomy":"category","embeddable":true,"href":"https:\/\/www.lodelmomentoloja.com\/index.php?rest_route=%2Fwp%2Fv2%2Fcategories&post=8322"},{"taxonomy":"post_tag","embeddable":true,"href":"https:\/\/www.lodelmomentoloja.com\/index.php?rest_route=%2Fwp%2Fv2%2Ftags&post=8322"}],"curies":[{"name":"wp","href":"https:\/\/api.w.org\/{rel}","templated":true}]}}