{"id":8291,"date":"2022-03-11T09:21:53","date_gmt":"2022-03-11T09:21:53","guid":{"rendered":"https:\/\/www.lodelmomentoloja.com\/?p=8291"},"modified":"2022-03-11T14:24:19","modified_gmt":"2022-03-11T14:24:19","slug":"guatemala-es-declarada-capital-pro-vida-de-iberoamerica","status":"publish","type":"post","link":"https:\/\/www.lodelmomentoloja.com\/?p=8291","title":{"rendered":"Guatemala es declarada &#8220;Capital Pro-Vida de Iberoam\u00e9rica&#8221;"},"content":{"rendered":"<p>#Internacional | Una organizaci\u00f3n religiosa declar\u00f3 el pasado 09 de Marzo del 2022, a Guatemala como &#8220;Capital Pro-Vida de Iberoam\u00e9rica&#8221;, un d\u00eda despu\u00e9s de que el Congreso oficialista endureciera las penas por aborto y cerrara la puerta al matrimonio homosexual.<\/p>\n<p>&#8220;Este es un d\u00eda para celebrar que tenemos un pa\u00eds que aprende, que ense\u00f1a y hace todo lo posible por respetar la vida desde su concepci\u00f3n hasta la muerte natural&#8221;, dijo el presidente conservador Alejandro Giammattei durante una ceremonia p\u00fablica religiosa junto al grupo cristiano Congreso Iberoamericano por la Vida y la Familia, que se re\u00fane en la capital.<\/p>\n<p>www.lodelmomentoloja.com<br \/>\n#LDMnoticias #lodelmomentolojaLDM<\/p>\n","protected":false},"excerpt":{"rendered":"<p>#Internacional | Una organizaci\u00f3n religiosa declar\u00f3 el pasado 09 de Marzo del 2022, a Guatemala&#8230;<\/p>\n","protected":false},"author":1,"featured_media":8293,"comment_status":"open","ping_status":"open","sticky":false,"template":"","format":"standard","meta":{"footnotes":""},"categories":[4],"tags":[],"class_list":["post-8291","post","type-post","status-publish","format-standard","has-post-thumbnail","hentry","category-internacional"],"_links":{"self":[{"href":"https:\/\/www.lodelmomentoloja.com\/index.php?rest_route=\/wp\/v2\/posts\/8291"}],"collection":[{"href":"https:\/\/www.lodelmomentoloja.com\/index.php?rest_route=\/wp\/v2\/posts"}],"about":[{"href":"https:\/\/www.lodelmomentoloja.com\/index.php?rest_route=\/wp\/v2\/types\/post"}],"author":[{"embeddable":true,"href":"https:\/\/www.lodelmomentoloja.com\/index.php?rest_route=\/wp\/v2\/users\/1"}],"replies":[{"embeddable":true,"href":"https:\/\/www.lodelmomentoloja.com\/index.php?rest_route=%2Fwp%2Fv2%2Fcomments&post=8291"}],"version-history":[{"count":1,"href":"https:\/\/www.lodelmomentoloja.com\/index.php?rest_route=\/wp\/v2\/posts\/8291\/revisions"}],"predecessor-version":[{"id":8294,"href":"https:\/\/www.lodelmomentoloja.com\/index.php?rest_route=\/wp\/v2\/posts\/8291\/revisions\/8294"}],"wp:featuredmedia":[{"embeddable":true,"href":"https:\/\/www.lodelmomentoloja.com\/index.php?rest_route=\/wp\/v2\/media\/8293"}],"wp:attachment":[{"href":"https:\/\/www.lodelmomentoloja.com\/index.php?rest_route=%2Fwp%2Fv2%2Fmedia&parent=8291"}],"wp:term":[{"taxonomy":"category","embeddable":true,"href":"https:\/\/www.lodelmomentoloja.com\/index.php?rest_route=%2Fwp%2Fv2%2Fcategories&post=8291"},{"taxonomy":"post_tag","embeddable":true,"href":"https:\/\/www.lodelmomentoloja.com\/index.php?rest_route=%2Fwp%2Fv2%2Ftags&post=8291"}],"curies":[{"name":"wp","href":"https:\/\/api.w.org\/{rel}","templated":true}]}}