{"id":8284,"date":"2022-03-10T10:00:23","date_gmt":"2022-03-10T10:00:23","guid":{"rendered":"https:\/\/www.lodelmomentoloja.com\/?p=8284"},"modified":"2022-03-10T15:52:37","modified_gmt":"2022-03-10T15:52:37","slug":"asamblea-concedio-amnistias-a-268-personas","status":"publish","type":"post","link":"https:\/\/www.lodelmomentoloja.com\/?p=8284","title":{"rendered":"Asamblea concedi\u00f3 amnist\u00edas a 268 personas"},"content":{"rendered":"<p><strong><em>Unas 268 personas que fueron judicializadas<\/em><\/strong> por defender los derechos de la naturaleza, derechos humanos, entre otros,\u00a0<em><strong>solicitaban amnist\u00eda a la Asamblea Nacional<\/strong><\/em> y finalmente fueron perdonadas.<\/p>\n<p>En una larga sesi\u00f3n que culmin\u00f3 a las 04:00 de hoy, del 10 de marzo 2022, con 99 a favor, 16 en contra y 10 abstenciones, la Asamblea Nacional concedi\u00f3 dicho pedido, pero la controversia\u00a0estuvo al momento de decidir si aprobar la solicitud de las<strong>\u00a0<em>63 personas que tienen investigaciones por las protestas de octubre 2019<\/em><\/strong>. Seg\u00fan el Banco Central, los da\u00f1os ascendieron a 39 millones de d\u00f3lares.<\/p>\n<p>La legisladora del Guayas, Victoria Desintonio dijo que los actos de octubre de 2019 fueron parte de una forma de expresi\u00f3n ciudadana, considerando que se criminaliza la protesta social, a base del miedo evitar nuevas manifestaciones a favor de la ciudadan\u00eda, <strong>\u201cdebe ser respetada y no criminalizada\u201d.<\/strong><\/p>\n<p>Horas antes del inicio de la Sesi\u00f3n del Pleno, Pachakutik dio una rueda de prensa en la que dirigentes ind\u00edgenas como Marlon Santi llamaban a todas las bancadas a\u00a0<strong>\u201chacer historia\u201d<\/strong>\u00a0a favor de los que, este movimiento pol\u00edtico, consideran\u00a0<strong>\u201cperseguidos pol\u00edticos\u201d<\/strong><\/p>\n<p><strong>El pedido p\u00fablico de Pachakutik surgi\u00f3 efecto<\/strong> y todos los solicitantes, incluidos Paola Pab\u00f3n, Virgilio Hern\u00e1ndez y Le\u00f3nidas Iza, han sido absuelto de las acciones penales en su contra. (GVL),<\/p>\n<p>&nbsp;<\/p>\n<p><strong>PRONUNCIAMIENTOS DE LOS LEGISLADORES LOJANOS.<\/strong><\/p>\n<p>Luc\u00eda Placencia: &#8220;Mi voto a favor de los luchadores sociales, defensores comunitarios; la defensa del agua y el medio ambiente no debe criminalizarse&#8221;.<\/p>\n<p>Johanna Ort\u00f1iz: Replic\u00f3 un mensaje de twiter, que dec\u00eda: &#8220;<span class=\"css-901oao css-16my406 r-poiln3 r-bcqeeo r-qvutc0\">La Asamblea <\/span><span class=\"css-901oao css-16my406 r-poiln3 r-bcqeeo r-qvutc0\">parece entender que la persecuci\u00f3n y el Lawfare usados por Mar\u00eda Paula Romo y Len\u00edn Moreno durante su gobierno no son el camino.<\/span>&#8221;<\/p>\n<p>Manuel Medina: No se ha pronunciado en redes sociales.<\/p>\n<p>Byron Maldonado: No se ha pronunciado en redes sociales.<\/p>\n<p><strong>\u00bfC\u00f3mo votaron los Asamble\u00edstas de Loja?<\/strong><\/p>\n<ul>\n<li>Byron Maldonado (VOTO EN CONTRA)<\/li>\n<li>Johanna Ort\u00edz (A FAVOR)<\/li>\n<li>Luc\u00eda Placencia (A FAVOR)<\/li>\n<li>Manuel Medina (A FAVOR)<\/li>\n<\/ul>\n<p>&nbsp;<\/p>\n<p><img loading=\"lazy\" decoding=\"async\" class=\"alignnone wp-image-8285 size-large\" src=\"http:\/\/www.lodelmomentoloja.com\/wp-content\/uploads\/2022\/03\/wer5t6y-1024x846.jpg\" alt=\"\" width=\"640\" height=\"529\" srcset=\"https:\/\/www.lodelmomentoloja.com\/wp-content\/uploads\/2022\/03\/wer5t6y-1024x846.jpg 1024w, https:\/\/www.lodelmomentoloja.com\/wp-content\/uploads\/2022\/03\/wer5t6y-300x248.jpg 300w, https:\/\/www.lodelmomentoloja.com\/wp-content\/uploads\/2022\/03\/wer5t6y-768x634.jpg 768w, https:\/\/www.lodelmomentoloja.com\/wp-content\/uploads\/2022\/03\/wer5t6y-640x528.jpg 640w, https:\/\/www.lodelmomentoloja.com\/wp-content\/uploads\/2022\/03\/wer5t6y.jpg 1308w\" sizes=\"(max-width: 640px) 100vw, 640px\" \/><\/p>\n<p>&nbsp;<\/p>\n<p>&nbsp;<\/p>\n","protected":false},"excerpt":{"rendered":"<p>Unas 268 personas que fueron judicializadas por defender los derechos de la naturaleza, derechos humanos,&#8230;<\/p>\n","protected":false},"author":1,"featured_media":8286,"comment_status":"open","ping_status":"open","sticky":false,"template":"","format":"standard","meta":{"footnotes":""},"categories":[1,5],"tags":[],"class_list":["post-8284","post","type-post","status-publish","format-standard","has-post-thumbnail","hentry","category-inicio","category-loja"],"_links":{"self":[{"href":"https:\/\/www.lodelmomentoloja.com\/index.php?rest_route=\/wp\/v2\/posts\/8284"}],"collection":[{"href":"https:\/\/www.lodelmomentoloja.com\/index.php?rest_route=\/wp\/v2\/posts"}],"about":[{"href":"https:\/\/www.lodelmomentoloja.com\/index.php?rest_route=\/wp\/v2\/types\/post"}],"author":[{"embeddable":true,"href":"https:\/\/www.lodelmomentoloja.com\/index.php?rest_route=\/wp\/v2\/users\/1"}],"replies":[{"embeddable":true,"href":"https:\/\/www.lodelmomentoloja.com\/index.php?rest_route=%2Fwp%2Fv2%2Fcomments&post=8284"}],"version-history":[{"count":1,"href":"https:\/\/www.lodelmomentoloja.com\/index.php?rest_route=\/wp\/v2\/posts\/8284\/revisions"}],"predecessor-version":[{"id":8287,"href":"https:\/\/www.lodelmomentoloja.com\/index.php?rest_route=\/wp\/v2\/posts\/8284\/revisions\/8287"}],"wp:featuredmedia":[{"embeddable":true,"href":"https:\/\/www.lodelmomentoloja.com\/index.php?rest_route=\/wp\/v2\/media\/8286"}],"wp:attachment":[{"href":"https:\/\/www.lodelmomentoloja.com\/index.php?rest_route=%2Fwp%2Fv2%2Fmedia&parent=8284"}],"wp:term":[{"taxonomy":"category","embeddable":true,"href":"https:\/\/www.lodelmomentoloja.com\/index.php?rest_route=%2Fwp%2Fv2%2Fcategories&post=8284"},{"taxonomy":"post_tag","embeddable":true,"href":"https:\/\/www.lodelmomentoloja.com\/index.php?rest_route=%2Fwp%2Fv2%2Ftags&post=8284"}],"curies":[{"name":"wp","href":"https:\/\/api.w.org\/{rel}","templated":true}]}}