{"id":825,"date":"2020-11-14T09:30:58","date_gmt":"2020-11-14T09:30:58","guid":{"rendered":"http:\/\/www.lodelmomentoloja.com\/?p=825"},"modified":"2020-11-14T15:09:13","modified_gmt":"2020-11-14T15:09:13","slug":"martinez-elegido-vicepresidente-de-paises-del-bid","status":"publish","type":"post","link":"https:\/\/www.lodelmomentoloja.com\/?p=825","title":{"rendered":"Mart\u00ednez elegido Vicepresidente de pa\u00edses del BID."},"content":{"rendered":"\n<p>El exministro de Finanzas, Richard Mart\u00ednez, fue nombrado como Vicepresidente de Pa\u00edses del BID y asumir\u00e1 sus funciones el pr\u00f3ximo lunes 16 de noviembre de 2020, a pesar que el Art. 153 de la Constituci\u00f3n del Ecuador establece que, quienes hayan ejercido la titularidad de un ministerio, no podr\u00e1n ser funcionarios de instituciones financieras internacionales acreedoras del pa\u00eds durante los siguientes dos a\u00f1os luego de haber dejado el cargo.<\/p>\n\n\n\n<p><br>El estadounidense Claver-Carone, Presidente del BID, dice que Mart\u00ednez llev\u00f3 adelante un ambicioso proceso de reforma fiscal y reestableci\u00f3 las relaciones del pa\u00eds con la comunidad financiera internacional&#8221;.<br><br>Por otro lado, pese a lo dictado en la Constituci\u00f3n Ecuatoriana, el Presidente Moreno felicit\u00f3 a Richard Mart\u00ednez por su nombramiento como Vicepresidente de los pa\u00edses del BID. &#8220;Estamos seguros que har\u00e1s una extraordinaria labor junto a los nuevos vicepresidentes, bajo el liderazgo de Mauricio Claver-Carone&#8221;.<\/p>\n","protected":false},"excerpt":{"rendered":"<p>El exministro de Finanzas, Richard Mart\u00ednez, fue nombrado como Vicepresidente de Pa\u00edses del BID y&#8230;<\/p>\n","protected":false},"author":1,"featured_media":826,"comment_status":"open","ping_status":"open","sticky":false,"template":"","format":"standard","meta":{"footnotes":""},"categories":[7,1],"tags":[],"class_list":["post-825","post","type-post","status-publish","format-standard","has-post-thumbnail","hentry","category-ecuador","category-inicio"],"_links":{"self":[{"href":"https:\/\/www.lodelmomentoloja.com\/index.php?rest_route=\/wp\/v2\/posts\/825"}],"collection":[{"href":"https:\/\/www.lodelmomentoloja.com\/index.php?rest_route=\/wp\/v2\/posts"}],"about":[{"href":"https:\/\/www.lodelmomentoloja.com\/index.php?rest_route=\/wp\/v2\/types\/post"}],"author":[{"embeddable":true,"href":"https:\/\/www.lodelmomentoloja.com\/index.php?rest_route=\/wp\/v2\/users\/1"}],"replies":[{"embeddable":true,"href":"https:\/\/www.lodelmomentoloja.com\/index.php?rest_route=%2Fwp%2Fv2%2Fcomments&post=825"}],"version-history":[{"count":1,"href":"https:\/\/www.lodelmomentoloja.com\/index.php?rest_route=\/wp\/v2\/posts\/825\/revisions"}],"predecessor-version":[{"id":827,"href":"https:\/\/www.lodelmomentoloja.com\/index.php?rest_route=\/wp\/v2\/posts\/825\/revisions\/827"}],"wp:featuredmedia":[{"embeddable":true,"href":"https:\/\/www.lodelmomentoloja.com\/index.php?rest_route=\/wp\/v2\/media\/826"}],"wp:attachment":[{"href":"https:\/\/www.lodelmomentoloja.com\/index.php?rest_route=%2Fwp%2Fv2%2Fmedia&parent=825"}],"wp:term":[{"taxonomy":"category","embeddable":true,"href":"https:\/\/www.lodelmomentoloja.com\/index.php?rest_route=%2Fwp%2Fv2%2Fcategories&post=825"},{"taxonomy":"post_tag","embeddable":true,"href":"https:\/\/www.lodelmomentoloja.com\/index.php?rest_route=%2Fwp%2Fv2%2Ftags&post=825"}],"curies":[{"name":"wp","href":"https:\/\/api.w.org\/{rel}","templated":true}]}}