{"id":8242,"date":"2022-03-07T12:00:34","date_gmt":"2022-03-07T12:00:34","guid":{"rendered":"https:\/\/www.lodelmomentoloja.com\/?p=8242"},"modified":"2022-03-07T17:58:53","modified_gmt":"2022-03-07T17:58:53","slug":"cheche-guerrero-confirma-su-precandidatura-a-la-alcaldia-de-loja-2023","status":"publish","type":"post","link":"https:\/\/www.lodelmomentoloja.com\/?p=8242","title":{"rendered":"Cheche Guerrero confirma su precandidatura a la Alcald\u00eda de Loja 2023"},"content":{"rendered":"<p>Este 2022 ha iniciado con muchas sorpresas e inc\u00f3gnitas con lo que tiene que ver en postulaciones de precandidaturas para la alcald\u00eda del cant\u00f3n Loja, una de esas sorpresas es la postulaci\u00f3n del Dr. C\u00e9sar \u201cCheche\u201d Guerrero, reconocido abogado de la provincia de Loja, ha expuesto p\u00fablicamente sus intenciones para impulsar su precandidatura en elecciones seccionales del 2023.<\/p>\n<p>En la Av. Orillas del Zamora y Segundo puestos Moreno, se abrir\u00e1n las puertas de una sede denominada \u201cLa casa de Loja\u201d donde se buscar integrar a la sociedad civil con respecto de soluciones a problem\u00e1ticas de Loja y as\u00ed mismo, las personas que apoyan la candidatura del Dr. Guerrero para la Alcald\u00eda de Loja, por lo que se ha extendido la invitaci\u00f3n al nuevo proyecto pol\u00edtico.<\/p>\n<p>C\u00e9sar Guerrero, expresidente del Colegio de Profesionales y Abogados de Loja, ha manifestado que Loja necesita recuperar su identidad cultural, el orden y proyectos que dinamicen la econom\u00eda y por ende el trabajo para la ciudadan\u00eda. \u201cQueremos poner en contexto nacional a la ciudad en miras hacia el futuro, obras necesarias realizadas con eficiencia y control a los costos. Hoy nos vamos a reunir en la sede para el pr\u00f3ximo lunes hacer un lanzamiento oficial, hoy ser\u00e1 una reuni\u00f3n preparatoria. Espero que los hombres y mujeres que conocen los problemas de Loja, se puedan sumar al desarrollo de Loja\u201d mencion\u00f3 Guerrero a LDM.<\/p>\n<p>Uno de los momentos que hizo visible la imagen del Dr. C\u00e9sar Guerrero, fue la discusi\u00f3n que tuvo con Gabriel Mart\u00ednez, Ministro del Transporte y Obras P\u00fablicas (MTOP) en la \u00e9poca de Lenin Moreno, todo ello porque se pretend\u00eda hacer a la v\u00eda Loja-Catamayo en tres carriles, y no en cuatro como protestaban desde la sociedad civil, hecho que se hizo viral en las redes sociales de todo el Ecuador.<\/p>\n<p>S\u00edguenos #LDMnoticias \u00f3 #lodelmomentolojaLDM<\/p>\n","protected":false},"excerpt":{"rendered":"<p>Este 2022 ha iniciado con muchas sorpresas e inc\u00f3gnitas con lo que tiene que ver&#8230;<\/p>\n","protected":false},"author":1,"featured_media":8243,"comment_status":"open","ping_status":"open","sticky":false,"template":"","format":"standard","meta":{"footnotes":""},"categories":[1,5],"tags":[],"class_list":["post-8242","post","type-post","status-publish","format-standard","has-post-thumbnail","hentry","category-inicio","category-loja"],"_links":{"self":[{"href":"https:\/\/www.lodelmomentoloja.com\/index.php?rest_route=\/wp\/v2\/posts\/8242"}],"collection":[{"href":"https:\/\/www.lodelmomentoloja.com\/index.php?rest_route=\/wp\/v2\/posts"}],"about":[{"href":"https:\/\/www.lodelmomentoloja.com\/index.php?rest_route=\/wp\/v2\/types\/post"}],"author":[{"embeddable":true,"href":"https:\/\/www.lodelmomentoloja.com\/index.php?rest_route=\/wp\/v2\/users\/1"}],"replies":[{"embeddable":true,"href":"https:\/\/www.lodelmomentoloja.com\/index.php?rest_route=%2Fwp%2Fv2%2Fcomments&post=8242"}],"version-history":[{"count":1,"href":"https:\/\/www.lodelmomentoloja.com\/index.php?rest_route=\/wp\/v2\/posts\/8242\/revisions"}],"predecessor-version":[{"id":8244,"href":"https:\/\/www.lodelmomentoloja.com\/index.php?rest_route=\/wp\/v2\/posts\/8242\/revisions\/8244"}],"wp:featuredmedia":[{"embeddable":true,"href":"https:\/\/www.lodelmomentoloja.com\/index.php?rest_route=\/wp\/v2\/media\/8243"}],"wp:attachment":[{"href":"https:\/\/www.lodelmomentoloja.com\/index.php?rest_route=%2Fwp%2Fv2%2Fmedia&parent=8242"}],"wp:term":[{"taxonomy":"category","embeddable":true,"href":"https:\/\/www.lodelmomentoloja.com\/index.php?rest_route=%2Fwp%2Fv2%2Fcategories&post=8242"},{"taxonomy":"post_tag","embeddable":true,"href":"https:\/\/www.lodelmomentoloja.com\/index.php?rest_route=%2Fwp%2Fv2%2Ftags&post=8242"}],"curies":[{"name":"wp","href":"https:\/\/api.w.org\/{rel}","templated":true}]}}