{"id":8208,"date":"2022-03-03T16:40:00","date_gmt":"2022-03-03T16:40:00","guid":{"rendered":"https:\/\/www.lodelmomentoloja.com\/?p=8208"},"modified":"2022-03-03T21:41:28","modified_gmt":"2022-03-03T21:41:28","slug":"vuelven-a-su-pais-ecuador","status":"publish","type":"post","link":"https:\/\/www.lodelmomentoloja.com\/?p=8208","title":{"rendered":"Vuelven a su pa\u00eds, Ecuador."},"content":{"rendered":"<p dir=\"ltr\">#Internacional | Vuelo humanitario repatriar\u00e1 a Ecuatorianos.<\/p>\n<p dir=\"ltr\">\u201cTenemos la buena noticia de que el vuelo est\u00e1 completamente lleno. Nuestro primer vuelo humanitario saldr\u00e1 de Budapest el jueves en la noche y en la ma\u00f1ana del viernes, hora de Ecuador, llegar\u00e1 a Quito. Es un vuelo humanitario contratado por el Gobierno Nacional, tendremos 350 personas y 70 mascotas\u201d, dijo Holgu\u00edn a la prensa.<\/p>\n<p dir=\"ltr\">La ruta del avi\u00f3n fletado por Ecuador ser\u00e1 Budapest-Varsovia-Quito con una escala t\u00e9cnica a definirse para la carga de combustible. Se tiene previsto, adem\u00e1s, desplegar un operativo de seguridad con el liderazgo de Cruz Roja internacional para que los ecuatorianos que regresan \u2013la mayor\u00eda estudiantes universitarios- salgan de manera expr\u00e9s del avi\u00f3n para encontrarse con sus familias.<\/p>\n<p dir=\"ltr\">www.lodelmomentoloja.com<br \/>\n#LDMnoticias#lodelmomentolojaLDM<\/p>\n","protected":false},"excerpt":{"rendered":"<p>#Internacional | Vuelo humanitario repatriar\u00e1 a Ecuatorianos. \u201cTenemos la buena noticia de que el vuelo&#8230;<\/p>\n","protected":false},"author":1,"featured_media":8207,"comment_status":"open","ping_status":"open","sticky":false,"template":"","format":"standard","meta":{"footnotes":""},"categories":[4],"tags":[],"class_list":["post-8208","post","type-post","status-publish","format-standard","has-post-thumbnail","hentry","category-internacional"],"_links":{"self":[{"href":"https:\/\/www.lodelmomentoloja.com\/index.php?rest_route=\/wp\/v2\/posts\/8208"}],"collection":[{"href":"https:\/\/www.lodelmomentoloja.com\/index.php?rest_route=\/wp\/v2\/posts"}],"about":[{"href":"https:\/\/www.lodelmomentoloja.com\/index.php?rest_route=\/wp\/v2\/types\/post"}],"author":[{"embeddable":true,"href":"https:\/\/www.lodelmomentoloja.com\/index.php?rest_route=\/wp\/v2\/users\/1"}],"replies":[{"embeddable":true,"href":"https:\/\/www.lodelmomentoloja.com\/index.php?rest_route=%2Fwp%2Fv2%2Fcomments&post=8208"}],"version-history":[{"count":1,"href":"https:\/\/www.lodelmomentoloja.com\/index.php?rest_route=\/wp\/v2\/posts\/8208\/revisions"}],"predecessor-version":[{"id":8209,"href":"https:\/\/www.lodelmomentoloja.com\/index.php?rest_route=\/wp\/v2\/posts\/8208\/revisions\/8209"}],"wp:featuredmedia":[{"embeddable":true,"href":"https:\/\/www.lodelmomentoloja.com\/index.php?rest_route=\/wp\/v2\/media\/8207"}],"wp:attachment":[{"href":"https:\/\/www.lodelmomentoloja.com\/index.php?rest_route=%2Fwp%2Fv2%2Fmedia&parent=8208"}],"wp:term":[{"taxonomy":"category","embeddable":true,"href":"https:\/\/www.lodelmomentoloja.com\/index.php?rest_route=%2Fwp%2Fv2%2Fcategories&post=8208"},{"taxonomy":"post_tag","embeddable":true,"href":"https:\/\/www.lodelmomentoloja.com\/index.php?rest_route=%2Fwp%2Fv2%2Ftags&post=8208"}],"curies":[{"name":"wp","href":"https:\/\/api.w.org\/{rel}","templated":true}]}}