{"id":8148,"date":"2022-02-25T10:20:13","date_gmt":"2022-02-25T10:20:13","guid":{"rendered":"https:\/\/www.lodelmomentoloja.com\/?p=8148"},"modified":"2022-02-26T06:37:38","modified_gmt":"2022-02-26T06:37:38","slug":"via-loja-catamayo-no-es-competencia-de-gpl","status":"publish","type":"post","link":"https:\/\/www.lodelmomentoloja.com\/?p=8148","title":{"rendered":"V\u00eda Loja &#8211; Catamayo no es competencia de GPL"},"content":{"rendered":"<p>#Loja | Pese a no tener competencia sobre el proyecto Ampliaci\u00f3n de la v\u00eda Loja-Catamayo, el Prefecto Rafael D\u00e1vila realiza convocatorias desde la instituci\u00f3n para socializarlo, mismas que cuentan con la presencia del Subsecretario del MTOP Eduardo Punin y el Gobernador de Loja Mario Mancino; acto que ha sido criticado por la sociedad civil, por tomarse pol\u00edticamente de un proyecto del cual no es parte y tampoco pretender ser, este \u00faltimo se refiere a invertir recursos desde el GPL y poder dejar la inversi\u00f3n en Loja, sino todo lo contrario.<\/p>\n<p>Ante un reclamo de un ciudadano de quererse tomar del proyecto para figurar pol\u00edticamente en v\u00edsperas de las elecciones, D\u00e1vila confes\u00f3 y dijo: &#8220;La v\u00eda Loja-Catamayo es un proyecto que no le corresponde a la Prefectura de Loja, esta v\u00eda es una responsabilidad del Ministerio de Obras P\u00fablicas&#8221;.<\/p>\n<p>www.lodelmomentoloja.com<br \/>\n#LDMnoticias #lodelmomentolojaLDM<\/p>\n","protected":false},"excerpt":{"rendered":"<p>#Loja | Pese a no tener competencia sobre el proyecto Ampliaci\u00f3n de la v\u00eda Loja-Catamayo,&#8230;<\/p>\n","protected":false},"author":1,"featured_media":8149,"comment_status":"open","ping_status":"open","sticky":false,"template":"","format":"standard","meta":{"footnotes":""},"categories":[5],"tags":[],"class_list":["post-8148","post","type-post","status-publish","format-standard","has-post-thumbnail","hentry","category-loja"],"_links":{"self":[{"href":"https:\/\/www.lodelmomentoloja.com\/index.php?rest_route=\/wp\/v2\/posts\/8148"}],"collection":[{"href":"https:\/\/www.lodelmomentoloja.com\/index.php?rest_route=\/wp\/v2\/posts"}],"about":[{"href":"https:\/\/www.lodelmomentoloja.com\/index.php?rest_route=\/wp\/v2\/types\/post"}],"author":[{"embeddable":true,"href":"https:\/\/www.lodelmomentoloja.com\/index.php?rest_route=\/wp\/v2\/users\/1"}],"replies":[{"embeddable":true,"href":"https:\/\/www.lodelmomentoloja.com\/index.php?rest_route=%2Fwp%2Fv2%2Fcomments&post=8148"}],"version-history":[{"count":1,"href":"https:\/\/www.lodelmomentoloja.com\/index.php?rest_route=\/wp\/v2\/posts\/8148\/revisions"}],"predecessor-version":[{"id":8150,"href":"https:\/\/www.lodelmomentoloja.com\/index.php?rest_route=\/wp\/v2\/posts\/8148\/revisions\/8150"}],"wp:featuredmedia":[{"embeddable":true,"href":"https:\/\/www.lodelmomentoloja.com\/index.php?rest_route=\/wp\/v2\/media\/8149"}],"wp:attachment":[{"href":"https:\/\/www.lodelmomentoloja.com\/index.php?rest_route=%2Fwp%2Fv2%2Fmedia&parent=8148"}],"wp:term":[{"taxonomy":"category","embeddable":true,"href":"https:\/\/www.lodelmomentoloja.com\/index.php?rest_route=%2Fwp%2Fv2%2Fcategories&post=8148"},{"taxonomy":"post_tag","embeddable":true,"href":"https:\/\/www.lodelmomentoloja.com\/index.php?rest_route=%2Fwp%2Fv2%2Ftags&post=8148"}],"curies":[{"name":"wp","href":"https:\/\/api.w.org\/{rel}","templated":true}]}}