{"id":8139,"date":"2022-02-25T08:00:20","date_gmt":"2022-02-25T08:00:20","guid":{"rendered":"https:\/\/www.lodelmomentoloja.com\/?p=8139"},"modified":"2022-02-26T06:37:53","modified_gmt":"2022-02-26T06:37:53","slug":"papa-llama-a-orar-por-la-paz-en-ucrania","status":"publish","type":"post","link":"https:\/\/www.lodelmomentoloja.com\/?p=8139","title":{"rendered":"Papa llama a orar por la paz en Ucrania"},"content":{"rendered":"<p>#Internacional | El papa Francisco inst\u00f3 a las partes implicadas en la disputa entre Ucrania y Rusia a examinar sus conciencias ante Dios y a retirar sus amenazas de guerra.<\/p>\n<p>En un llamado al final de su audiencia general semanal, Francisco dijo que estaba dolido y alarmado por los acontecimientos en Ucrania, que seg\u00fan dijo \u201cdesacreditan el derecho internacional\u201d.<\/p>\n<p>\u00abLos tr\u00e1gicos escenarios que todos tem\u00edan se est\u00e1n haciendo lamentablemente realidad. Pero a\u00fan hay tiempo para la buena voluntad, a\u00fan hay espacio para la negociaci\u00f3n, a\u00fan hay espacio para el ejercicio de una sabidur\u00eda que impida que prevalezcan los intereses partidistas, tutele las leg\u00edtimas aspiraciones de todos y libre al mundo de la locura y los horrores de la guerra. Nosotros los creyentes, no perdemos la esperanza en un vislumbre de conciencia por parte de quienes tienen los destinos del mundo en sus manos. Y seguimos rezando y ayunando -lo haremos el pr\u00f3ximo Mi\u00e9rcoles de Ceniza- por la paz en Ucrania y en el mundo entero\u201d &#8211; mencion\u00f3 el sumo pont\u00edfice.<\/p>\n<p>www.lodelmomentoloja.com<br \/>\n#LDMnoticias #lodelmomentolojaLDM<\/p>\n","protected":false},"excerpt":{"rendered":"<p>#Internacional | El papa Francisco inst\u00f3 a las partes implicadas en la disputa entre Ucrania&#8230;<\/p>\n","protected":false},"author":1,"featured_media":8140,"comment_status":"open","ping_status":"open","sticky":false,"template":"","format":"standard","meta":{"footnotes":""},"categories":[4],"tags":[],"class_list":["post-8139","post","type-post","status-publish","format-standard","has-post-thumbnail","hentry","category-internacional"],"_links":{"self":[{"href":"https:\/\/www.lodelmomentoloja.com\/index.php?rest_route=\/wp\/v2\/posts\/8139"}],"collection":[{"href":"https:\/\/www.lodelmomentoloja.com\/index.php?rest_route=\/wp\/v2\/posts"}],"about":[{"href":"https:\/\/www.lodelmomentoloja.com\/index.php?rest_route=\/wp\/v2\/types\/post"}],"author":[{"embeddable":true,"href":"https:\/\/www.lodelmomentoloja.com\/index.php?rest_route=\/wp\/v2\/users\/1"}],"replies":[{"embeddable":true,"href":"https:\/\/www.lodelmomentoloja.com\/index.php?rest_route=%2Fwp%2Fv2%2Fcomments&post=8139"}],"version-history":[{"count":1,"href":"https:\/\/www.lodelmomentoloja.com\/index.php?rest_route=\/wp\/v2\/posts\/8139\/revisions"}],"predecessor-version":[{"id":8141,"href":"https:\/\/www.lodelmomentoloja.com\/index.php?rest_route=\/wp\/v2\/posts\/8139\/revisions\/8141"}],"wp:featuredmedia":[{"embeddable":true,"href":"https:\/\/www.lodelmomentoloja.com\/index.php?rest_route=\/wp\/v2\/media\/8140"}],"wp:attachment":[{"href":"https:\/\/www.lodelmomentoloja.com\/index.php?rest_route=%2Fwp%2Fv2%2Fmedia&parent=8139"}],"wp:term":[{"taxonomy":"category","embeddable":true,"href":"https:\/\/www.lodelmomentoloja.com\/index.php?rest_route=%2Fwp%2Fv2%2Fcategories&post=8139"},{"taxonomy":"post_tag","embeddable":true,"href":"https:\/\/www.lodelmomentoloja.com\/index.php?rest_route=%2Fwp%2Fv2%2Ftags&post=8139"}],"curies":[{"name":"wp","href":"https:\/\/api.w.org\/{rel}","templated":true}]}}