{"id":8123,"date":"2022-02-24T09:33:17","date_gmt":"2022-02-24T09:33:17","guid":{"rendered":"https:\/\/www.lodelmomentoloja.com\/?p=8123"},"modified":"2022-02-26T06:32:02","modified_gmt":"2022-02-26T06:32:02","slug":"malacatos-cumple-su-bicentenario","status":"publish","type":"post","link":"https:\/\/www.lodelmomentoloja.com\/?p=8123","title":{"rendered":"Malacatos cumple su bicentenario"},"content":{"rendered":"<p>#Loja | Malacatos cumple su bicentenario.<\/p>\n<p>La parroquia rural del cant\u00f3n Loja, se encuentra celebrando 200 a\u00f1os de vida pol\u00edtica, acto que genera gran expectativa entre sus habitantes y moradores de otras parroquias, pues estas fechas vienen cargadas de festividades en honor a su independencia.<\/p>\n<p>Como medio digital, extendemos un cordial saludo a toda su gente. \ud83c\udf87\ud83d\udc4f\ud83e\udd73<\/p>\n<p>\u00bfQu\u00e9 podemos de la historia?<br \/>\n&#8211; Malacatos se constituy\u00f3 entre los a\u00f1os de 1604 \u2013 1690 con el nombre de Valladolid.<br \/>\n&#8211; El significado de la palabra Malacatos proviene del nombre de la primitiva tribu ind\u00edgena de los \u201cMALACATUS\u201d quienes ten\u00edan el dominio sobre los pueblos Vilcabamba, Yangana y San Bernab\u00e9.<br \/>\n&#8211; Su primer asentamiento fue en lo que es hoy el barrio Bel\u00e9n.<br \/>\n&#8211; Malacatos fue conocida como provincia hasta fines del siglo XVII.<\/p>\n<p>www.lodelmomentoloja.com<br \/>\n#LDMnoticias #lodelmomentolojaLDM<\/p>\n","protected":false},"excerpt":{"rendered":"<p>#Loja | Malacatos cumple su bicentenario. La parroquia rural del cant\u00f3n Loja, se encuentra celebrando&#8230;<\/p>\n","protected":false},"author":1,"featured_media":8124,"comment_status":"open","ping_status":"open","sticky":false,"template":"","format":"standard","meta":{"footnotes":""},"categories":[5],"tags":[],"class_list":["post-8123","post","type-post","status-publish","format-standard","has-post-thumbnail","hentry","category-loja"],"_links":{"self":[{"href":"https:\/\/www.lodelmomentoloja.com\/index.php?rest_route=\/wp\/v2\/posts\/8123"}],"collection":[{"href":"https:\/\/www.lodelmomentoloja.com\/index.php?rest_route=\/wp\/v2\/posts"}],"about":[{"href":"https:\/\/www.lodelmomentoloja.com\/index.php?rest_route=\/wp\/v2\/types\/post"}],"author":[{"embeddable":true,"href":"https:\/\/www.lodelmomentoloja.com\/index.php?rest_route=\/wp\/v2\/users\/1"}],"replies":[{"embeddable":true,"href":"https:\/\/www.lodelmomentoloja.com\/index.php?rest_route=%2Fwp%2Fv2%2Fcomments&post=8123"}],"version-history":[{"count":1,"href":"https:\/\/www.lodelmomentoloja.com\/index.php?rest_route=\/wp\/v2\/posts\/8123\/revisions"}],"predecessor-version":[{"id":8125,"href":"https:\/\/www.lodelmomentoloja.com\/index.php?rest_route=\/wp\/v2\/posts\/8123\/revisions\/8125"}],"wp:featuredmedia":[{"embeddable":true,"href":"https:\/\/www.lodelmomentoloja.com\/index.php?rest_route=\/wp\/v2\/media\/8124"}],"wp:attachment":[{"href":"https:\/\/www.lodelmomentoloja.com\/index.php?rest_route=%2Fwp%2Fv2%2Fmedia&parent=8123"}],"wp:term":[{"taxonomy":"category","embeddable":true,"href":"https:\/\/www.lodelmomentoloja.com\/index.php?rest_route=%2Fwp%2Fv2%2Fcategories&post=8123"},{"taxonomy":"post_tag","embeddable":true,"href":"https:\/\/www.lodelmomentoloja.com\/index.php?rest_route=%2Fwp%2Fv2%2Ftags&post=8123"}],"curies":[{"name":"wp","href":"https:\/\/api.w.org\/{rel}","templated":true}]}}