{"id":8111,"date":"2022-02-23T12:24:48","date_gmt":"2022-02-23T12:24:48","guid":{"rendered":"https:\/\/www.lodelmomentoloja.com\/?p=8111"},"modified":"2022-02-26T06:38:33","modified_gmt":"2022-02-26T06:38:33","slug":"alcalde-de-loja-reintegrara-a-asesor","status":"publish","type":"post","link":"https:\/\/www.lodelmomentoloja.com\/?p=8111","title":{"rendered":"Alcalde de Loja reintegrar\u00e1 a asesor."},"content":{"rendered":"<p>#Loja | Seg\u00fan Efra\u00edn Mu\u00f1oz, Coordinador General del GAD Loja y hombre cercado en las administraciones de Jorge Bail\u00f3n, manifest\u00f3 que se ha comunicado con el burgomaestre sobre el cese de funciones de los asesores, donde se encuentra el pol\u00e9mico Juan Pablo Montoya y hablan de regresarlos al Municipio de Loja. &#8220;Estos d\u00edas he mantenido contacto con el Ing. Jorge y cuando nuevamente asuma sus funciones tomar\u00e1 las acciones pertinentes para reincorporar a los compa\u00f1eros destituidos de la administraci\u00f3n&#8221; dijo Mu\u00f1oz ante un medio radial.<\/p>\n<p>Al parecer, las decisiones de Picoita como Alcaldesa (E), apura a Bail\u00f3n para tomas las riendas del Municipio, pues en pocos d\u00edas, estas decisiones han sido muy aceptadas por los ciudadanos y los comentarios en redes sociales se han pronunciado sobre el tema.<\/p>\n<p>www.lodelmomentoloja.com<br \/>\n#LDMnoticias #lodelmomentolojaLDM<\/p>\n","protected":false},"excerpt":{"rendered":"<p>#Loja | Seg\u00fan Efra\u00edn Mu\u00f1oz, Coordinador General del GAD Loja y hombre cercado en las&#8230;<\/p>\n","protected":false},"author":1,"featured_media":8112,"comment_status":"open","ping_status":"open","sticky":false,"template":"","format":"standard","meta":{"footnotes":""},"categories":[5],"tags":[],"class_list":["post-8111","post","type-post","status-publish","format-standard","has-post-thumbnail","hentry","category-loja"],"_links":{"self":[{"href":"https:\/\/www.lodelmomentoloja.com\/index.php?rest_route=\/wp\/v2\/posts\/8111"}],"collection":[{"href":"https:\/\/www.lodelmomentoloja.com\/index.php?rest_route=\/wp\/v2\/posts"}],"about":[{"href":"https:\/\/www.lodelmomentoloja.com\/index.php?rest_route=\/wp\/v2\/types\/post"}],"author":[{"embeddable":true,"href":"https:\/\/www.lodelmomentoloja.com\/index.php?rest_route=\/wp\/v2\/users\/1"}],"replies":[{"embeddable":true,"href":"https:\/\/www.lodelmomentoloja.com\/index.php?rest_route=%2Fwp%2Fv2%2Fcomments&post=8111"}],"version-history":[{"count":1,"href":"https:\/\/www.lodelmomentoloja.com\/index.php?rest_route=\/wp\/v2\/posts\/8111\/revisions"}],"predecessor-version":[{"id":8113,"href":"https:\/\/www.lodelmomentoloja.com\/index.php?rest_route=\/wp\/v2\/posts\/8111\/revisions\/8113"}],"wp:featuredmedia":[{"embeddable":true,"href":"https:\/\/www.lodelmomentoloja.com\/index.php?rest_route=\/wp\/v2\/media\/8112"}],"wp:attachment":[{"href":"https:\/\/www.lodelmomentoloja.com\/index.php?rest_route=%2Fwp%2Fv2%2Fmedia&parent=8111"}],"wp:term":[{"taxonomy":"category","embeddable":true,"href":"https:\/\/www.lodelmomentoloja.com\/index.php?rest_route=%2Fwp%2Fv2%2Fcategories&post=8111"},{"taxonomy":"post_tag","embeddable":true,"href":"https:\/\/www.lodelmomentoloja.com\/index.php?rest_route=%2Fwp%2Fv2%2Ftags&post=8111"}],"curies":[{"name":"wp","href":"https:\/\/api.w.org\/{rel}","templated":true}]}}