{"id":8108,"date":"2022-02-23T11:52:43","date_gmt":"2022-02-23T11:52:43","guid":{"rendered":"https:\/\/www.lodelmomentoloja.com\/?p=8108"},"modified":"2022-02-26T06:22:49","modified_gmt":"2022-02-26T06:22:49","slug":"turquia-cambia-de-nombre-a-nivel-internacional","status":"publish","type":"post","link":"https:\/\/www.lodelmomentoloja.com\/?p=8108","title":{"rendered":"Turqu\u00eda cambia de nombre a nivel internacional"},"content":{"rendered":"<p>#Internacional | Turqu\u00eda cambia de nombre internacional.<\/p>\n<p>Esto con el fin de evitar que se la confunda con la palabra \u201cturkey\u201d en ingl\u00e9s, que significa \u201cpavo\u201d, el pa\u00eds pasar\u00e1 a llamarse &#8220;T\u00fcrkiye&#8221;, su nombre en turco. Todav\u00eda falta el visto bueno de las Naciones Unidas.<\/p>\n<p>&#8220;La palabra &#8216;T\u00fcrkiye&#8217; es la que mejor representa y expresa la cultura, la civilizaci\u00f3n y los valores de la naci\u00f3n turca&#8221;, dijo el presidente turco Recep Tayyip Erdogan en una declaraci\u00f3n a principios de enero.<\/p>\n<p>Esta nueva denominaci\u00f3n, que es en realidad el nombre del pa\u00eds en turco, se utilizar\u00e1 en el comercio internacional, las instituciones y &#8220;en todo tipo de actividades&#8221;. De ahora en adelante, los productos hechos en el pa\u00eds llevar\u00e1n el sello \u201cmade in T\u00fcrkiye\u201d.<\/p>\n<p>Esta nueva identidad ya est\u00e1 siendo utilizada oficialmente por el Ministerio de Asuntos Exteriores, y se ha lanzado una campa\u00f1a de comunicaci\u00f3n llamada #helloT\u00fcrkiye en las redes sociales.<\/p>\n<p>www.lodelmomentoloja.com<br \/>\n#LDMnoticias #lodelmomentolojaLDM<\/p>\n","protected":false},"excerpt":{"rendered":"<p>#Internacional | Turqu\u00eda cambia de nombre internacional. Esto con el fin de evitar que se&#8230;<\/p>\n","protected":false},"author":1,"featured_media":8109,"comment_status":"open","ping_status":"open","sticky":false,"template":"","format":"standard","meta":{"footnotes":""},"categories":[4],"tags":[],"class_list":["post-8108","post","type-post","status-publish","format-standard","has-post-thumbnail","hentry","category-internacional"],"_links":{"self":[{"href":"https:\/\/www.lodelmomentoloja.com\/index.php?rest_route=\/wp\/v2\/posts\/8108"}],"collection":[{"href":"https:\/\/www.lodelmomentoloja.com\/index.php?rest_route=\/wp\/v2\/posts"}],"about":[{"href":"https:\/\/www.lodelmomentoloja.com\/index.php?rest_route=\/wp\/v2\/types\/post"}],"author":[{"embeddable":true,"href":"https:\/\/www.lodelmomentoloja.com\/index.php?rest_route=\/wp\/v2\/users\/1"}],"replies":[{"embeddable":true,"href":"https:\/\/www.lodelmomentoloja.com\/index.php?rest_route=%2Fwp%2Fv2%2Fcomments&post=8108"}],"version-history":[{"count":1,"href":"https:\/\/www.lodelmomentoloja.com\/index.php?rest_route=\/wp\/v2\/posts\/8108\/revisions"}],"predecessor-version":[{"id":8110,"href":"https:\/\/www.lodelmomentoloja.com\/index.php?rest_route=\/wp\/v2\/posts\/8108\/revisions\/8110"}],"wp:featuredmedia":[{"embeddable":true,"href":"https:\/\/www.lodelmomentoloja.com\/index.php?rest_route=\/wp\/v2\/media\/8109"}],"wp:attachment":[{"href":"https:\/\/www.lodelmomentoloja.com\/index.php?rest_route=%2Fwp%2Fv2%2Fmedia&parent=8108"}],"wp:term":[{"taxonomy":"category","embeddable":true,"href":"https:\/\/www.lodelmomentoloja.com\/index.php?rest_route=%2Fwp%2Fv2%2Fcategories&post=8108"},{"taxonomy":"post_tag","embeddable":true,"href":"https:\/\/www.lodelmomentoloja.com\/index.php?rest_route=%2Fwp%2Fv2%2Ftags&post=8108"}],"curies":[{"name":"wp","href":"https:\/\/api.w.org\/{rel}","templated":true}]}}