{"id":810,"date":"2020-11-13T18:46:24","date_gmt":"2020-11-13T18:46:24","guid":{"rendered":"http:\/\/www.lodelmomentoloja.com\/?p=810"},"modified":"2020-11-13T18:46:26","modified_gmt":"2020-11-13T18:46:26","slug":"yaku-perez-viral-por-fotografia","status":"publish","type":"post","link":"https:\/\/www.lodelmomentoloja.com\/?p=810","title":{"rendered":"YAKU PEREZ viral por fotograf\u00eda"},"content":{"rendered":"\n<p><a href=\"https:\/\/www.facebook.com\/hashtag\/ecuador?__eep__=6&amp;__cft__[0]=AZVVfmKKlw674s2c5A8netIRJbDFZoJmfKkoVROo8Jy9f2L2zR6-VYYrxGWSBgLjiff1yaHTFPwvoDpv-H5hyuxut6mL03c9lExXg2WakKHHITuhSm1jw_FHUI0eAJyjeyD2J6eQ5sY_KAZZ8pmc-Mbi1vMad56T5qtYRhodHOEOjE3k0F2-_2FBSIvyZkT8P8Y&amp;__tn__=*NK*F\">#Ecuador<\/a>&nbsp;| Yaku es viral por fotograf\u00eda en recorrido.<\/p>\n\n\n\n<p>El candidato presidencial Yaku P\u00e9rez, mediante un recorrido que realizaba en Manab\u00ed &#8211; Rocafuerte, se hizo viral por una fotograf\u00eda que subi\u00f3 en sus redes sociales, en los que comentaba: &#8221; Amanecimos en Potrerillos haciendo cama general convidada por un campesino que comparti\u00f3 su abrigado hogar. No requerimos cobijas, el cari\u00f1o de la gente nos brind\u00f3 calor. Seguimos en los recorridos en&nbsp;<a href=\"https:\/\/www.facebook.com\/hashtag\/minkaporlavida?__eep__=6&amp;__cft__[0]=AZVVfmKKlw674s2c5A8netIRJbDFZoJmfKkoVROo8Jy9f2L2zR6-VYYrxGWSBgLjiff1yaHTFPwvoDpv-H5hyuxut6mL03c9lExXg2WakKHHITuhSm1jw_FHUI0eAJyjeyD2J6eQ5sY_KAZZ8pmc-Mbi1vMad56T5qtYRhodHOEOjE3k0F2-_2FBSIvyZkT8P8Y&amp;__tn__=*NK*F\">#MinkaPorLaVida<\/a>, escuchando y aprendiendo las ense\u00f1anzas del pueblo montubio&#8221; era lo que argumentaba P\u00e9rez al subir este contenido.<\/p>\n\n\n\n<p>Los ciudadanos no se han hecho esperar y han comenzado a viralizar este contenido, tal como paso con su visita en la Playa y la manejada de moto.<\/p>\n\n\n\n<p><a href=\"http:\/\/www.lodelmomentoloja.com\/?fbclid=IwAR2tHk3yCpLgyDKynFg6vZKePoVWerITXYXvhYbs-1hk345K6J1Zg9Uw5tg\" rel=\"noreferrer noopener\" target=\"_blank\">www.lodelmomentoloja.com<\/a><\/p>\n","protected":false},"excerpt":{"rendered":"<p>#Ecuador&nbsp;| Yaku es viral por fotograf\u00eda en recorrido. El candidato presidencial Yaku P\u00e9rez, mediante un&#8230;<\/p>\n","protected":false},"author":1,"featured_media":811,"comment_status":"open","ping_status":"open","sticky":false,"template":"","format":"standard","meta":{"footnotes":""},"categories":[7],"tags":[],"class_list":["post-810","post","type-post","status-publish","format-standard","has-post-thumbnail","hentry","category-ecuador"],"_links":{"self":[{"href":"https:\/\/www.lodelmomentoloja.com\/index.php?rest_route=\/wp\/v2\/posts\/810"}],"collection":[{"href":"https:\/\/www.lodelmomentoloja.com\/index.php?rest_route=\/wp\/v2\/posts"}],"about":[{"href":"https:\/\/www.lodelmomentoloja.com\/index.php?rest_route=\/wp\/v2\/types\/post"}],"author":[{"embeddable":true,"href":"https:\/\/www.lodelmomentoloja.com\/index.php?rest_route=\/wp\/v2\/users\/1"}],"replies":[{"embeddable":true,"href":"https:\/\/www.lodelmomentoloja.com\/index.php?rest_route=%2Fwp%2Fv2%2Fcomments&post=810"}],"version-history":[{"count":1,"href":"https:\/\/www.lodelmomentoloja.com\/index.php?rest_route=\/wp\/v2\/posts\/810\/revisions"}],"predecessor-version":[{"id":812,"href":"https:\/\/www.lodelmomentoloja.com\/index.php?rest_route=\/wp\/v2\/posts\/810\/revisions\/812"}],"wp:featuredmedia":[{"embeddable":true,"href":"https:\/\/www.lodelmomentoloja.com\/index.php?rest_route=\/wp\/v2\/media\/811"}],"wp:attachment":[{"href":"https:\/\/www.lodelmomentoloja.com\/index.php?rest_route=%2Fwp%2Fv2%2Fmedia&parent=810"}],"wp:term":[{"taxonomy":"category","embeddable":true,"href":"https:\/\/www.lodelmomentoloja.com\/index.php?rest_route=%2Fwp%2Fv2%2Fcategories&post=810"},{"taxonomy":"post_tag","embeddable":true,"href":"https:\/\/www.lodelmomentoloja.com\/index.php?rest_route=%2Fwp%2Fv2%2Ftags&post=810"}],"curies":[{"name":"wp","href":"https:\/\/api.w.org\/{rel}","templated":true}]}}