{"id":8098,"date":"2022-02-23T10:22:10","date_gmt":"2022-02-23T10:22:10","guid":{"rendered":"https:\/\/www.lodelmomentoloja.com\/?p=8098"},"modified":"2022-02-26T06:22:53","modified_gmt":"2022-02-26T06:22:53","slug":"avion-presidencial-sera-subastado-este-ano","status":"publish","type":"post","link":"https:\/\/www.lodelmomentoloja.com\/?p=8098","title":{"rendered":"Avi\u00f3n presidencial ser\u00e1 subastado este a\u00f1o."},"content":{"rendered":"<p class=\"prose-text\">#Internacional | El avi\u00f3n presidencial Legacy EMB-135 BJ est\u00e1 en cuenta regresiva para ser vendido.<\/p>\n<p class=\"prose-text\"><b>Se espera que sea subastado en mayo o junio pr\u00f3ximo y su valor se determinar\u00e1 con un aval\u00fao comercial.<\/b>\u00a0As\u00ed lo asegur\u00f3\u00a0<b>Roberto Anzoategui<\/b>, subsecretario de Regularizaci\u00f3n y Comercializaci\u00f3n de Bienes de la Secretar\u00eda T\u00e9cnica de Gesti\u00f3n Inmobiliaria del Sector P\u00fablico (Inmobiliar).<\/p>\n<p class=\"prose-text\">\u201cDespu\u00e9s del aval\u00fao y tener la realidad del avi\u00f3n, entra al proceso de subasta y se hace una convocatoria para que cualquier persona natural o jur\u00eddica, nacional o extranjera, interesada en el bien ingrese (al sitio web) a registrar su informaci\u00f3n\u201d, menciona.<\/p>\n<p>V\u00eda El Universo<\/p>\n<p>www.lodelmomentoloja.com<\/p>\n<p>#LDMnoticias #lodelmomentolojaLDM<\/p>\n","protected":false},"excerpt":{"rendered":"<p>#Internacional | El avi\u00f3n presidencial Legacy EMB-135 BJ est\u00e1 en cuenta regresiva para ser vendido&#8230;.<\/p>\n","protected":false},"author":1,"featured_media":8099,"comment_status":"open","ping_status":"open","sticky":false,"template":"","format":"standard","meta":{"footnotes":""},"categories":[7],"tags":[],"class_list":["post-8098","post","type-post","status-publish","format-standard","has-post-thumbnail","hentry","category-ecuador"],"_links":{"self":[{"href":"https:\/\/www.lodelmomentoloja.com\/index.php?rest_route=\/wp\/v2\/posts\/8098"}],"collection":[{"href":"https:\/\/www.lodelmomentoloja.com\/index.php?rest_route=\/wp\/v2\/posts"}],"about":[{"href":"https:\/\/www.lodelmomentoloja.com\/index.php?rest_route=\/wp\/v2\/types\/post"}],"author":[{"embeddable":true,"href":"https:\/\/www.lodelmomentoloja.com\/index.php?rest_route=\/wp\/v2\/users\/1"}],"replies":[{"embeddable":true,"href":"https:\/\/www.lodelmomentoloja.com\/index.php?rest_route=%2Fwp%2Fv2%2Fcomments&post=8098"}],"version-history":[{"count":1,"href":"https:\/\/www.lodelmomentoloja.com\/index.php?rest_route=\/wp\/v2\/posts\/8098\/revisions"}],"predecessor-version":[{"id":8100,"href":"https:\/\/www.lodelmomentoloja.com\/index.php?rest_route=\/wp\/v2\/posts\/8098\/revisions\/8100"}],"wp:featuredmedia":[{"embeddable":true,"href":"https:\/\/www.lodelmomentoloja.com\/index.php?rest_route=\/wp\/v2\/media\/8099"}],"wp:attachment":[{"href":"https:\/\/www.lodelmomentoloja.com\/index.php?rest_route=%2Fwp%2Fv2%2Fmedia&parent=8098"}],"wp:term":[{"taxonomy":"category","embeddable":true,"href":"https:\/\/www.lodelmomentoloja.com\/index.php?rest_route=%2Fwp%2Fv2%2Fcategories&post=8098"},{"taxonomy":"post_tag","embeddable":true,"href":"https:\/\/www.lodelmomentoloja.com\/index.php?rest_route=%2Fwp%2Fv2%2Ftags&post=8098"}],"curies":[{"name":"wp","href":"https:\/\/api.w.org\/{rel}","templated":true}]}}