{"id":8089,"date":"2022-02-22T13:02:26","date_gmt":"2022-02-22T13:02:26","guid":{"rendered":"https:\/\/www.lodelmomentoloja.com\/?p=8089"},"modified":"2022-02-26T06:19:16","modified_gmt":"2022-02-26T06:19:16","slug":"lasso-busca-reeleccion-en-2025","status":"publish","type":"post","link":"https:\/\/www.lodelmomentoloja.com\/?p=8089","title":{"rendered":"Lasso busca reelecci\u00f3n en 2025"},"content":{"rendered":"<p>#Ecuador | El Presidente de la Rep\u00fablica, Guillermo Lasso, fue consultado sobre la posibilidad de buscar una reelecci\u00f3n en los comicios del 2025 y asegur\u00f3 que no descarta esta posibilidad, pero, por el momento, estar\u00eda enfocado en lograr un buen Gobierno<\/p>\n<p>El Primer Mandatario asegur\u00f3 que es muy temprano para tomar una decisi\u00f3n en este sentido, pero no descartar\u00eda postularse como candidato presidencial por CREO.<\/p>\n<p>\u201cNo lo descarto, sin duda no lo descarto, pero mi enfoque hoy es llevar a cabo un buen Gobierno y hacer los cambios necesarios que requiere Ecuador\u201d.<\/p>\n<p>De la misma manera, Lasso hizo una comparativa con el Gobierno anterior y explic\u00f3 que hace un a\u00f1o la situaci\u00f3n era completamente distinta. Tambi\u00e9n resalt\u00f3 el plan de vacunaci\u00f3n que se llev\u00f3 a cabo en el pa\u00eds.<\/p>\n<p>Fuente: Primicias Ec.<\/p>\n<p>www.lodelmomentoloja.com<\/p>\n<p>#LDMnoticias #lodelmomentolojaLDM<\/p>\n","protected":false},"excerpt":{"rendered":"<p>#Ecuador | El Presidente de la Rep\u00fablica, Guillermo Lasso, fue consultado sobre la posibilidad de&#8230;<\/p>\n","protected":false},"author":1,"featured_media":8090,"comment_status":"open","ping_status":"open","sticky":false,"template":"","format":"standard","meta":{"footnotes":""},"categories":[7],"tags":[],"class_list":["post-8089","post","type-post","status-publish","format-standard","has-post-thumbnail","hentry","category-ecuador"],"_links":{"self":[{"href":"https:\/\/www.lodelmomentoloja.com\/index.php?rest_route=\/wp\/v2\/posts\/8089"}],"collection":[{"href":"https:\/\/www.lodelmomentoloja.com\/index.php?rest_route=\/wp\/v2\/posts"}],"about":[{"href":"https:\/\/www.lodelmomentoloja.com\/index.php?rest_route=\/wp\/v2\/types\/post"}],"author":[{"embeddable":true,"href":"https:\/\/www.lodelmomentoloja.com\/index.php?rest_route=\/wp\/v2\/users\/1"}],"replies":[{"embeddable":true,"href":"https:\/\/www.lodelmomentoloja.com\/index.php?rest_route=%2Fwp%2Fv2%2Fcomments&post=8089"}],"version-history":[{"count":1,"href":"https:\/\/www.lodelmomentoloja.com\/index.php?rest_route=\/wp\/v2\/posts\/8089\/revisions"}],"predecessor-version":[{"id":8091,"href":"https:\/\/www.lodelmomentoloja.com\/index.php?rest_route=\/wp\/v2\/posts\/8089\/revisions\/8091"}],"wp:featuredmedia":[{"embeddable":true,"href":"https:\/\/www.lodelmomentoloja.com\/index.php?rest_route=\/wp\/v2\/media\/8090"}],"wp:attachment":[{"href":"https:\/\/www.lodelmomentoloja.com\/index.php?rest_route=%2Fwp%2Fv2%2Fmedia&parent=8089"}],"wp:term":[{"taxonomy":"category","embeddable":true,"href":"https:\/\/www.lodelmomentoloja.com\/index.php?rest_route=%2Fwp%2Fv2%2Fcategories&post=8089"},{"taxonomy":"post_tag","embeddable":true,"href":"https:\/\/www.lodelmomentoloja.com\/index.php?rest_route=%2Fwp%2Fv2%2Ftags&post=8089"}],"curies":[{"name":"wp","href":"https:\/\/api.w.org\/{rel}","templated":true}]}}