{"id":8075,"date":"2022-02-21T16:49:17","date_gmt":"2022-02-21T16:49:17","guid":{"rendered":"https:\/\/www.lodelmomentoloja.com\/?p=8075"},"modified":"2022-02-21T21:51:15","modified_gmt":"2022-02-21T21:51:15","slug":"maestra-sentenciada-por-humillar-a-un-alumno","status":"publish","type":"post","link":"https:\/\/www.lodelmomentoloja.com\/?p=8075","title":{"rendered":"Maestra sentenciada por humillar a un alumno"},"content":{"rendered":"<p dir=\"ltr\">#Loja | Maltrato psicol\u00f3gico en unidad educativa de Celica.<\/p>\n<p dir=\"ltr\">Tribunal de Garant\u00edas Penales en Loja sentenci\u00f3 a Carmen T. a 4 a\u00f1os de prisi\u00f3n, por violentar psicol\u00f3gicamente a un ni\u00f1o de 5 a\u00f1os, quien era su alumno, en una instituci\u00f3n educativa de la parroquia Sabanilla, en el cant\u00f3n Celica.<\/p>\n<p dir=\"ltr\">En la audiencia de formulaci\u00f3n de cargos se determin\u00f3 que en el per\u00edodo lectivo 2018-2018 la maestra lo somet\u00eda a humillaciones constantemente, le negaba el saludo, imped\u00eda que pueda salir al recreo y le prohib\u00eda compartir con sus compa\u00f1eros. Estos actos de odio se produc\u00edan por la situaci\u00f3n socioecon\u00f3mica del menor seg\u00fan el informe de Fiscal\u00eda.<\/p>\n<p dir=\"ltr\">La afectaci\u00f3n psicol\u00f3gica fue tan grave, que provoc\u00f3 que el ni\u00f1o intentara suicidarse: se colg\u00f3 de una viga en la cocina de su casa, acto que no se consum\u00f3, ya que su abuela lleg\u00f3 ese momento. Al consultarle el por qu\u00e9 lo hab\u00eda hecho, el ni\u00f1o respondi\u00f3: porque su maestra no lo quer\u00eda. Por esa raz\u00f3n, sus familiares presentaron una denuncia<\/p>\n<p dir=\"ltr\">A la maestra, se le impuso una multa de diez salarios unificados del trabajador en general y al pago de 800 d\u00f3lares de reparaci\u00f3n integral a la v\u00edctima y su familia.<\/p>\n<p dir=\"ltr\">www.lodelmomentoloja.com<br \/>\n#LDMnoticias#lodelmomentolojaLDM<\/p>\n","protected":false},"excerpt":{"rendered":"<p>#Loja | Maltrato psicol\u00f3gico en unidad educativa de Celica. Tribunal de Garant\u00edas Penales en Loja&#8230;<\/p>\n","protected":false},"author":1,"featured_media":8076,"comment_status":"open","ping_status":"open","sticky":false,"template":"","format":"standard","meta":{"footnotes":""},"categories":[5],"tags":[],"class_list":["post-8075","post","type-post","status-publish","format-standard","has-post-thumbnail","hentry","category-loja"],"_links":{"self":[{"href":"https:\/\/www.lodelmomentoloja.com\/index.php?rest_route=\/wp\/v2\/posts\/8075"}],"collection":[{"href":"https:\/\/www.lodelmomentoloja.com\/index.php?rest_route=\/wp\/v2\/posts"}],"about":[{"href":"https:\/\/www.lodelmomentoloja.com\/index.php?rest_route=\/wp\/v2\/types\/post"}],"author":[{"embeddable":true,"href":"https:\/\/www.lodelmomentoloja.com\/index.php?rest_route=\/wp\/v2\/users\/1"}],"replies":[{"embeddable":true,"href":"https:\/\/www.lodelmomentoloja.com\/index.php?rest_route=%2Fwp%2Fv2%2Fcomments&post=8075"}],"version-history":[{"count":1,"href":"https:\/\/www.lodelmomentoloja.com\/index.php?rest_route=\/wp\/v2\/posts\/8075\/revisions"}],"predecessor-version":[{"id":8077,"href":"https:\/\/www.lodelmomentoloja.com\/index.php?rest_route=\/wp\/v2\/posts\/8075\/revisions\/8077"}],"wp:featuredmedia":[{"embeddable":true,"href":"https:\/\/www.lodelmomentoloja.com\/index.php?rest_route=\/wp\/v2\/media\/8076"}],"wp:attachment":[{"href":"https:\/\/www.lodelmomentoloja.com\/index.php?rest_route=%2Fwp%2Fv2%2Fmedia&parent=8075"}],"wp:term":[{"taxonomy":"category","embeddable":true,"href":"https:\/\/www.lodelmomentoloja.com\/index.php?rest_route=%2Fwp%2Fv2%2Fcategories&post=8075"},{"taxonomy":"post_tag","embeddable":true,"href":"https:\/\/www.lodelmomentoloja.com\/index.php?rest_route=%2Fwp%2Fv2%2Ftags&post=8075"}],"curies":[{"name":"wp","href":"https:\/\/api.w.org\/{rel}","templated":true}]}}