{"id":8000,"date":"2022-02-15T17:13:38","date_gmt":"2022-02-15T17:13:38","guid":{"rendered":"https:\/\/www.lodelmomentoloja.com\/?p=8000"},"modified":"2022-02-16T01:27:39","modified_gmt":"2022-02-16T01:27:39","slug":"ludena-regresara-a-la-vicealcaldia-de-celica","status":"publish","type":"post","link":"https:\/\/www.lodelmomentoloja.com\/?p=8000","title":{"rendered":"Lude\u00f1a regresar\u00e1 a la Vicealcaldia de Celica"},"content":{"rendered":"<p>#Loja | Lude\u00f1a regresar\u00e1 a la vicealcald\u00eda de Celica.<\/p>\n<p>Hoy, martes15 de febrero del 2022, desde la Sala Especializada de lo Penal se pronunci\u00f3 a favor sobre el recurso de apelaci\u00f3n de la concejala del cant\u00f3n Celica Salom\u00e9 Lude\u00f1a, misma que fue removida de su cargo de vicealcaldesa en una sesi\u00f3n de cabildo del 14 de junio del presente 2021.<\/p>\n<p>En la resoluci\u00f3n, se expone que han violentado el derecho constitucional a la seguridad jur\u00eddica, a la paridad de g\u00e9nero y a la motivaci\u00f3n; por lo que se deja sin efecto la resoluci\u00f3n y de forma inmediata, se deber\u00e1 reintegrar a Salom\u00e9 Lude\u00f1a en sus funciones de Vicealcaldesa del Gobierno Aut\u00f3nomo Descentralizado Municipal del cant\u00f3n Celica, hasta completar el periodo para el cual fue electo el alcalde.<\/p>\n<p>La defensa del caso, la patrocin\u00f3 el Dr. Patricio Valdivieso, ha ganado la reintegraci\u00f3n con Salom\u00e9 Lude\u00f1a en Celica y Yennifer L\u00f3pez en Paltas.<\/p>\n<p>www.lodelmomentoloja.com<br \/>\n#LDMnoticias #lodelmomentolojaLDM<\/p>\n","protected":false},"excerpt":{"rendered":"<p>#Loja | Lude\u00f1a regresar\u00e1 a la vicealcald\u00eda de Celica. Hoy, martes15 de febrero del 2022,&#8230;<\/p>\n","protected":false},"author":1,"featured_media":8001,"comment_status":"open","ping_status":"open","sticky":false,"template":"","format":"standard","meta":{"footnotes":""},"categories":[5],"tags":[],"class_list":["post-8000","post","type-post","status-publish","format-standard","has-post-thumbnail","hentry","category-loja"],"_links":{"self":[{"href":"https:\/\/www.lodelmomentoloja.com\/index.php?rest_route=\/wp\/v2\/posts\/8000"}],"collection":[{"href":"https:\/\/www.lodelmomentoloja.com\/index.php?rest_route=\/wp\/v2\/posts"}],"about":[{"href":"https:\/\/www.lodelmomentoloja.com\/index.php?rest_route=\/wp\/v2\/types\/post"}],"author":[{"embeddable":true,"href":"https:\/\/www.lodelmomentoloja.com\/index.php?rest_route=\/wp\/v2\/users\/1"}],"replies":[{"embeddable":true,"href":"https:\/\/www.lodelmomentoloja.com\/index.php?rest_route=%2Fwp%2Fv2%2Fcomments&post=8000"}],"version-history":[{"count":2,"href":"https:\/\/www.lodelmomentoloja.com\/index.php?rest_route=\/wp\/v2\/posts\/8000\/revisions"}],"predecessor-version":[{"id":8003,"href":"https:\/\/www.lodelmomentoloja.com\/index.php?rest_route=\/wp\/v2\/posts\/8000\/revisions\/8003"}],"wp:featuredmedia":[{"embeddable":true,"href":"https:\/\/www.lodelmomentoloja.com\/index.php?rest_route=\/wp\/v2\/media\/8001"}],"wp:attachment":[{"href":"https:\/\/www.lodelmomentoloja.com\/index.php?rest_route=%2Fwp%2Fv2%2Fmedia&parent=8000"}],"wp:term":[{"taxonomy":"category","embeddable":true,"href":"https:\/\/www.lodelmomentoloja.com\/index.php?rest_route=%2Fwp%2Fv2%2Fcategories&post=8000"},{"taxonomy":"post_tag","embeddable":true,"href":"https:\/\/www.lodelmomentoloja.com\/index.php?rest_route=%2Fwp%2Fv2%2Ftags&post=8000"}],"curies":[{"name":"wp","href":"https:\/\/api.w.org\/{rel}","templated":true}]}}