{"id":800,"date":"2020-11-13T18:40:56","date_gmt":"2020-11-13T18:40:56","guid":{"rendered":"http:\/\/www.lodelmomentoloja.com\/?p=800"},"modified":"2020-11-13T18:44:41","modified_gmt":"2020-11-13T18:44:41","slug":"20-de-noviembre-dia-de-descanso-obligatorio","status":"publish","type":"post","link":"https:\/\/www.lodelmomentoloja.com\/?p=800","title":{"rendered":"20 de Noviembre d\u00eda de descanso obligatorio"},"content":{"rendered":"\n<p><a href=\"https:\/\/www.facebook.com\/hashtag\/loja?__eep__=6&amp;__cft__[0]=AZUs2z1LnjyRXKK33dr8-2yPBrVNHu4r4TzyXqmcfFSZ8itS2pVTohojtJKYPIy9Sfj66dPf1g1pjqyB4kVqan5LLVgBrV3MxJLPi-Np4fbQ5KxYV2jpYYzM0PhAbjQFD9G9qDgbTcvM9pvg6zejgGVa8QtXpF2zj0c1EJZI_Ejk-1Ejs2yG4zNVdtuUD3LIts4&amp;__tn__=*NK*F\">#Loja<\/a>&nbsp;| D\u00eda de descanso obligatorio en Loja.<\/p>\n\n\n\n<p>As\u00ed lo inform\u00f3 la Gobernaci\u00f3n Provincial de Loja, tras un comunicado oficial en el que se\u00f1ala lo siguiente: &#8220;El d\u00eda Mi\u00e9rcoles 18 de Noviembre del 2020, declarado como feriado provincial al conmemorarse 200 a\u00f1os de Independencia de Loja se traslada al d\u00eda viernes 20 de noviembre de 2020, este d\u00eda ser\u00e1 de descanso obligatorio&#8221;.<\/p>\n\n\n\n<p>Esta decisi\u00f3n se torna en referencia a La Ley Org\u00e1nica del Servicio P\u00fablico (LOSEP), en su disposici\u00f3n general cuarta.<\/p>\n\n\n\n<p><a href=\"https:\/\/l.facebook.com\/l.php?u=http%3A%2F%2Fwww.lodelmomentoloja.com%2F%3Ffbclid%3DIwAR0-JlbKdiMo1XgrJHtnuY6gV2P1UWEtxaboT9YtpJqVOvj0VoVejeBgSXs&amp;h=AT1Uu2Uz_Iq1JiFyq753f9xLvwAc_L7nSKJnNYzmM4uw331OEValP1byq5KaVuASdHwB-0lj1xb6fQQypAADdfbALzo3ipuAu-YCU6QDIesg9Oa4FmRx6uty_seDgyJhWgkv&amp;__tn__=-UK*F&amp;c[0]=AT2LGrOdqfDQFeYYt9wGaqMazQwTWXvP0WGBxYjtlmCQ14PQWZ1R_i6IBjrAzS6GDfDqQtwglMaiL4A5AgQHkRSLa9E6pJnujqJ2vvke06GFIfmVGXdljDwqDhdwm0MOXYdQnoX_n0DSSpPXBsY0RDNbm8VwjhWqe4nMtKVzYP0DWvYh5QKBdD_qvg63SNzVbQC8YqXTyfQ2G4SVWBc7XAJC\" rel=\"noreferrer noopener\" target=\"_blank\">www.lodelmomentoloja.com<\/a><br><a href=\"https:\/\/www.facebook.com\/hashtag\/ldmnoticias?__eep__=6&amp;__cft__[0]=AZUs2z1LnjyRXKK33dr8-2yPBrVNHu4r4TzyXqmcfFSZ8itS2pVTohojtJKYPIy9Sfj66dPf1g1pjqyB4kVqan5LLVgBrV3MxJLPi-Np4fbQ5KxYV2jpYYzM0PhAbjQFD9G9qDgbTcvM9pvg6zejgGVa8QtXpF2zj0c1EJZI_Ejk-1Ejs2yG4zNVdtuUD3LIts4&amp;__tn__=*NK*F\">#LDMnoticias<\/a><a href=\"https:\/\/www.facebook.com\/hashtag\/lodelmomentolojaldm?__eep__=6&amp;__cft__[0]=AZUs2z1LnjyRXKK33dr8-2yPBrVNHu4r4TzyXqmcfFSZ8itS2pVTohojtJKYPIy9Sfj66dPf1g1pjqyB4kVqan5LLVgBrV3MxJLPi-Np4fbQ5KxYV2jpYYzM0PhAbjQFD9G9qDgbTcvM9pvg6zejgGVa8QtXpF2zj0c1EJZI_Ejk-1Ejs2yG4zNVdtuUD3LIts4&amp;__tn__=*NK*F\">#lodelmomentolojaLDM<\/a>&nbsp;Ver menos<\/p>\n","protected":false},"excerpt":{"rendered":"<p>#Loja&nbsp;| D\u00eda de descanso obligatorio en Loja. As\u00ed lo inform\u00f3 la Gobernaci\u00f3n Provincial de Loja,&#8230;<\/p>\n","protected":false},"author":1,"featured_media":801,"comment_status":"open","ping_status":"open","sticky":false,"template":"","format":"standard","meta":{"footnotes":""},"categories":[1,5],"tags":[],"class_list":["post-800","post","type-post","status-publish","format-standard","has-post-thumbnail","hentry","category-inicio","category-loja"],"_links":{"self":[{"href":"https:\/\/www.lodelmomentoloja.com\/index.php?rest_route=\/wp\/v2\/posts\/800"}],"collection":[{"href":"https:\/\/www.lodelmomentoloja.com\/index.php?rest_route=\/wp\/v2\/posts"}],"about":[{"href":"https:\/\/www.lodelmomentoloja.com\/index.php?rest_route=\/wp\/v2\/types\/post"}],"author":[{"embeddable":true,"href":"https:\/\/www.lodelmomentoloja.com\/index.php?rest_route=\/wp\/v2\/users\/1"}],"replies":[{"embeddable":true,"href":"https:\/\/www.lodelmomentoloja.com\/index.php?rest_route=%2Fwp%2Fv2%2Fcomments&post=800"}],"version-history":[{"count":1,"href":"https:\/\/www.lodelmomentoloja.com\/index.php?rest_route=\/wp\/v2\/posts\/800\/revisions"}],"predecessor-version":[{"id":802,"href":"https:\/\/www.lodelmomentoloja.com\/index.php?rest_route=\/wp\/v2\/posts\/800\/revisions\/802"}],"wp:featuredmedia":[{"embeddable":true,"href":"https:\/\/www.lodelmomentoloja.com\/index.php?rest_route=\/wp\/v2\/media\/801"}],"wp:attachment":[{"href":"https:\/\/www.lodelmomentoloja.com\/index.php?rest_route=%2Fwp%2Fv2%2Fmedia&parent=800"}],"wp:term":[{"taxonomy":"category","embeddable":true,"href":"https:\/\/www.lodelmomentoloja.com\/index.php?rest_route=%2Fwp%2Fv2%2Fcategories&post=800"},{"taxonomy":"post_tag","embeddable":true,"href":"https:\/\/www.lodelmomentoloja.com\/index.php?rest_route=%2Fwp%2Fv2%2Ftags&post=800"}],"curies":[{"name":"wp","href":"https:\/\/api.w.org\/{rel}","templated":true}]}}