{"id":7997,"date":"2022-02-15T15:38:56","date_gmt":"2022-02-15T15:38:56","guid":{"rendered":"https:\/\/www.lodelmomentoloja.com\/?p=7997"},"modified":"2022-02-16T01:27:45","modified_gmt":"2022-02-16T01:27:45","slug":"inicia-vacunacion-contra-el-covid-19-en-menores-de-3-a-5-anos-en-ecuador","status":"publish","type":"post","link":"https:\/\/www.lodelmomentoloja.com\/?p=7997","title":{"rendered":"Inicia vacunaci\u00f3n contra el covid-19 en menores de 3 a 5 a\u00f1os en Ecuador"},"content":{"rendered":"<p>#Nacional |Ecuador inici\u00f3 este martes la vacunaci\u00f3n de ni\u00f1os de 3 y 4 a\u00f1os contra la covid-19.<\/p>\n<p>Con un plan piloto en cuatro ciudades y con el objetivo de ampliarlo de manera paulatina, el Ministerio de Salud P\u00fablica, inform\u00f3 que las urbes que forman parte de esta primera etapa son la capital, Quito, Machala, Zamora Chinchipe y Loja, mientras que a partir del pr\u00f3ximo lunes se podr\u00e1n administrar dosis anticovid a los menores de 3 y 4 a\u00f1os en todo el pa\u00eds.<\/p>\n<p>La vacuna elegida para este grupo etario fue la china Sinovac que requiere una segunda dosis 28 d\u00edas despu\u00e9s de la primera, a fin de &#8220;evitar casos graves por la enfermedad y la mortalidad&#8221;, detall\u00f3 la cartera de Estado en un comunicado.<\/p>\n<p>Para que los menores sean vacunados se requiere que los padres entreguen un consentimiento informado, tal como exigen las autoridades sanitarias para menores de edad.<\/p>\n<p>www.lodelmomentoloja.com<\/p>\n<p>#LDMnoticias #lodelmomentolojaLDM<\/p>\n","protected":false},"excerpt":{"rendered":"<p>#Nacional |Ecuador inici\u00f3 este martes la vacunaci\u00f3n de ni\u00f1os de 3 y 4 a\u00f1os contra&#8230;<\/p>\n","protected":false},"author":1,"featured_media":7998,"comment_status":"open","ping_status":"open","sticky":false,"template":"","format":"standard","meta":{"footnotes":""},"categories":[7],"tags":[],"class_list":["post-7997","post","type-post","status-publish","format-standard","has-post-thumbnail","hentry","category-ecuador"],"_links":{"self":[{"href":"https:\/\/www.lodelmomentoloja.com\/index.php?rest_route=\/wp\/v2\/posts\/7997"}],"collection":[{"href":"https:\/\/www.lodelmomentoloja.com\/index.php?rest_route=\/wp\/v2\/posts"}],"about":[{"href":"https:\/\/www.lodelmomentoloja.com\/index.php?rest_route=\/wp\/v2\/types\/post"}],"author":[{"embeddable":true,"href":"https:\/\/www.lodelmomentoloja.com\/index.php?rest_route=\/wp\/v2\/users\/1"}],"replies":[{"embeddable":true,"href":"https:\/\/www.lodelmomentoloja.com\/index.php?rest_route=%2Fwp%2Fv2%2Fcomments&post=7997"}],"version-history":[{"count":1,"href":"https:\/\/www.lodelmomentoloja.com\/index.php?rest_route=\/wp\/v2\/posts\/7997\/revisions"}],"predecessor-version":[{"id":7999,"href":"https:\/\/www.lodelmomentoloja.com\/index.php?rest_route=\/wp\/v2\/posts\/7997\/revisions\/7999"}],"wp:featuredmedia":[{"embeddable":true,"href":"https:\/\/www.lodelmomentoloja.com\/index.php?rest_route=\/wp\/v2\/media\/7998"}],"wp:attachment":[{"href":"https:\/\/www.lodelmomentoloja.com\/index.php?rest_route=%2Fwp%2Fv2%2Fmedia&parent=7997"}],"wp:term":[{"taxonomy":"category","embeddable":true,"href":"https:\/\/www.lodelmomentoloja.com\/index.php?rest_route=%2Fwp%2Fv2%2Fcategories&post=7997"},{"taxonomy":"post_tag","embeddable":true,"href":"https:\/\/www.lodelmomentoloja.com\/index.php?rest_route=%2Fwp%2Fv2%2Ftags&post=7997"}],"curies":[{"name":"wp","href":"https:\/\/api.w.org\/{rel}","templated":true}]}}