{"id":7994,"date":"2022-02-15T12:19:21","date_gmt":"2022-02-15T12:19:21","guid":{"rendered":"https:\/\/www.lodelmomentoloja.com\/?p=7994"},"modified":"2022-02-16T01:27:49","modified_gmt":"2022-02-16T01:27:49","slug":"posible-adios-al-uso-de-mascarilla-obligatorio-en-ecuador","status":"publish","type":"post","link":"https:\/\/www.lodelmomentoloja.com\/?p=7994","title":{"rendered":"Posible adi\u00f3s al uso de mascarilla obligatorio en Ecuador."},"content":{"rendered":"<p>#Ecuador |Ecuador\u00a0podr\u00eda retirar el uso obligatorio de mascarilla, seg\u00fan el nivel de positividad en los casos de Covid-19, anunci\u00f3 la ministra de Salud, Ximena Garz\u00f3n.<\/p>\n<p>Seg\u00fan datos del<a href=\"https:\/\/twitter.com\/Salud_Ec?s=20&amp;t=UdbAgZniyLVVw-2pSvMcEA\">\u00a0Ministerio de Salud P\u00fablica<\/a>\u00a0(MSP), la tasa de\u00a0positividad viral\u00a0disminuy\u00f3, entre mediados de enero y febrero, del 65 % al 15%. Garz\u00f3n asegura que los resultados se deben al alto nivel de\u00a0vacunaci\u00f3n\u00a0que se registra a nivel nacional.<\/p>\n<p>\u201cEsto nos da una indicaci\u00f3n que en un mes, quiz\u00e1s finales de marzo o principios de abril, si alcanzamos una positividad de bajo el cinco por ciento podremos relajarnos en las medidas y dejar el uso de la mascarilla en espacios abiertos\u201d, a\u00f1adi\u00f3<\/p>\n<p>A criterio de la Ministra, si el ritmo de vacunaci\u00f3n contra el virus se mantiene, posiblemente \u201ca finales de mayo seamos el primer pa\u00eds de Latinoam\u00e9rica libres de covid-19\u201d.<\/p>\n<p>V\u00eda: Primera plana.<\/p>\n<p>www.lodelmomentoloja.com<\/p>\n<p>#LDMnoticias #lodelmomentolojaLDM<\/p>\n","protected":false},"excerpt":{"rendered":"<p>#Ecuador |Ecuador\u00a0podr\u00eda retirar el uso obligatorio de mascarilla, seg\u00fan el nivel de positividad en los&#8230;<\/p>\n","protected":false},"author":1,"featured_media":7995,"comment_status":"open","ping_status":"open","sticky":false,"template":"","format":"standard","meta":{"footnotes":""},"categories":[7],"tags":[],"class_list":["post-7994","post","type-post","status-publish","format-standard","has-post-thumbnail","hentry","category-ecuador"],"_links":{"self":[{"href":"https:\/\/www.lodelmomentoloja.com\/index.php?rest_route=\/wp\/v2\/posts\/7994"}],"collection":[{"href":"https:\/\/www.lodelmomentoloja.com\/index.php?rest_route=\/wp\/v2\/posts"}],"about":[{"href":"https:\/\/www.lodelmomentoloja.com\/index.php?rest_route=\/wp\/v2\/types\/post"}],"author":[{"embeddable":true,"href":"https:\/\/www.lodelmomentoloja.com\/index.php?rest_route=\/wp\/v2\/users\/1"}],"replies":[{"embeddable":true,"href":"https:\/\/www.lodelmomentoloja.com\/index.php?rest_route=%2Fwp%2Fv2%2Fcomments&post=7994"}],"version-history":[{"count":1,"href":"https:\/\/www.lodelmomentoloja.com\/index.php?rest_route=\/wp\/v2\/posts\/7994\/revisions"}],"predecessor-version":[{"id":7996,"href":"https:\/\/www.lodelmomentoloja.com\/index.php?rest_route=\/wp\/v2\/posts\/7994\/revisions\/7996"}],"wp:featuredmedia":[{"embeddable":true,"href":"https:\/\/www.lodelmomentoloja.com\/index.php?rest_route=\/wp\/v2\/media\/7995"}],"wp:attachment":[{"href":"https:\/\/www.lodelmomentoloja.com\/index.php?rest_route=%2Fwp%2Fv2%2Fmedia&parent=7994"}],"wp:term":[{"taxonomy":"category","embeddable":true,"href":"https:\/\/www.lodelmomentoloja.com\/index.php?rest_route=%2Fwp%2Fv2%2Fcategories&post=7994"},{"taxonomy":"post_tag","embeddable":true,"href":"https:\/\/www.lodelmomentoloja.com\/index.php?rest_route=%2Fwp%2Fv2%2Ftags&post=7994"}],"curies":[{"name":"wp","href":"https:\/\/api.w.org\/{rel}","templated":true}]}}