{"id":797,"date":"2020-11-13T18:38:55","date_gmt":"2020-11-13T18:38:55","guid":{"rendered":"http:\/\/www.lodelmomentoloja.com\/?p=797"},"modified":"2020-11-13T18:38:57","modified_gmt":"2020-11-13T18:38:57","slug":"decision-del-cne-es-inseguridad-juridica","status":"publish","type":"post","link":"https:\/\/www.lodelmomentoloja.com\/?p=797","title":{"rendered":"Decisi\u00f3n del CNE es &#8220;INSEGURIDAD JUR\u00cdDICA&#8221;"},"content":{"rendered":"\n<p><a href=\"https:\/\/www.facebook.com\/hashtag\/ecuador?__eep__=6&amp;__cft__[0]=AZUCQioygla_ULO9HffaIRv9Gn075O43L3atB3PPH2P-qd0PE3hqStGhUEnGOS5_nvnu3Z22G6W5-rhPtTtwFvAFELA0HAUJpO6k3ugKeoDL8o_TDADd2uzJpqrmQ7n5-sOp61JGpL6ZBA13btY0VCDJTZXqWZXhPmxCgst4EfeGbRaNFgWCrlT_RnL_Fnq2CfU&amp;__tn__=*NK*F\">#Ecuador<\/a>&nbsp;| Tras las declaraciones de Diana Atamaint, presidenta del Concejo Nacional Electoral, en medios de comunicaci\u00f3n asegurando que el Abg, \u00c1lvaro Noboa no puede ser candidato porque intent\u00f3 registrarse el \u00faltimo d\u00eda, pero no cumpli\u00f3 con el procedimiento establecidos.<\/p>\n\n\n\n<p>Sylka S\u00e1nchez, abogada de \u00c1lvaro Noboa, en rueda de prensa calific\u00f3 de \u201cinseguridad jur\u00eddica\u201d la decisi\u00f3n del Pleno del CNE al negar la candidatura de \u00c1lvaro Noboa por el Movimiento Justicia Social.<\/p>\n\n\n\n<p>Adem\u00e1s, aseguro que dentro del CNE \u201cpretenden poner candidatos a dedo\u201d con la presunta metida de mano de los partidos PSC y CREO.<\/p>\n\n\n\n<p>Solicitaran que la decisi\u00f3n del Tribunal Contencioso Electoral, sea ejecutado a cabalidad por el CNE.<\/p>\n","protected":false},"excerpt":{"rendered":"<p>#Ecuador&nbsp;| Tras las declaraciones de Diana Atamaint, presidenta del Concejo Nacional Electoral, en medios de&#8230;<\/p>\n","protected":false},"author":1,"featured_media":798,"comment_status":"open","ping_status":"open","sticky":false,"template":"","format":"standard","meta":{"footnotes":""},"categories":[7],"tags":[],"class_list":["post-797","post","type-post","status-publish","format-standard","has-post-thumbnail","hentry","category-ecuador"],"_links":{"self":[{"href":"https:\/\/www.lodelmomentoloja.com\/index.php?rest_route=\/wp\/v2\/posts\/797"}],"collection":[{"href":"https:\/\/www.lodelmomentoloja.com\/index.php?rest_route=\/wp\/v2\/posts"}],"about":[{"href":"https:\/\/www.lodelmomentoloja.com\/index.php?rest_route=\/wp\/v2\/types\/post"}],"author":[{"embeddable":true,"href":"https:\/\/www.lodelmomentoloja.com\/index.php?rest_route=\/wp\/v2\/users\/1"}],"replies":[{"embeddable":true,"href":"https:\/\/www.lodelmomentoloja.com\/index.php?rest_route=%2Fwp%2Fv2%2Fcomments&post=797"}],"version-history":[{"count":1,"href":"https:\/\/www.lodelmomentoloja.com\/index.php?rest_route=\/wp\/v2\/posts\/797\/revisions"}],"predecessor-version":[{"id":799,"href":"https:\/\/www.lodelmomentoloja.com\/index.php?rest_route=\/wp\/v2\/posts\/797\/revisions\/799"}],"wp:featuredmedia":[{"embeddable":true,"href":"https:\/\/www.lodelmomentoloja.com\/index.php?rest_route=\/wp\/v2\/media\/798"}],"wp:attachment":[{"href":"https:\/\/www.lodelmomentoloja.com\/index.php?rest_route=%2Fwp%2Fv2%2Fmedia&parent=797"}],"wp:term":[{"taxonomy":"category","embeddable":true,"href":"https:\/\/www.lodelmomentoloja.com\/index.php?rest_route=%2Fwp%2Fv2%2Fcategories&post=797"},{"taxonomy":"post_tag","embeddable":true,"href":"https:\/\/www.lodelmomentoloja.com\/index.php?rest_route=%2Fwp%2Fv2%2Ftags&post=797"}],"curies":[{"name":"wp","href":"https:\/\/api.w.org\/{rel}","templated":true}]}}