{"id":7950,"date":"2022-02-11T13:34:11","date_gmt":"2022-02-11T13:34:11","guid":{"rendered":"https:\/\/www.lodelmomentoloja.com\/?p=7950"},"modified":"2022-02-11T18:35:15","modified_gmt":"2022-02-11T18:35:15","slug":"richard-carapaz-escala-en-la-tabla-general-enersl","status":"publish","type":"post","link":"https:\/\/www.lodelmomentoloja.com\/?p=7950","title":{"rendered":"Richard Carapaz escala en la tabla general enersl"},"content":{"rendered":"<p dir=\"ltr\">#Internacional | El ecuatoriano, Richard Carapaz, participa en su segunda competencia del a\u00f1o, luego de recuperarse de la ca\u00edda que tuvo en la Etoile de Besseges. El campe\u00f3n ol\u00edmpico del Team Ineos Grenadiers inici\u00f3 su intervenci\u00f3n en el Tour de la Provence, desde el 10 de febrero del 2022.<\/p>\n<p dir=\"ltr\">En esta nueva carrera de ciclismo en Francia lleg\u00f3 en el puesto 21 de la segunda etapa a 16 segundos del ganador, Elia Viviani. Esto lo ubica al carchense en la casilla 19 de la tabla general. El fin de semana se viene la etapa de monta\u00f1a y alta monta\u00f1a que ser\u00e1n las dos \u00faltimas en donde se definir\u00e1n a los ganadores.<\/p>\n<p dir=\"ltr\">Via: El Tel\u00e9grafo<\/p>\n<p dir=\"ltr\">www.lodelmomentoloja.com<br \/>\n#LDMnoticias#lodelmomentolojaLDM<\/p>\n","protected":false},"excerpt":{"rendered":"<p>#Internacional | El ecuatoriano, Richard Carapaz, participa en su segunda competencia del a\u00f1o, luego de&#8230;<\/p>\n","protected":false},"author":1,"featured_media":7951,"comment_status":"open","ping_status":"open","sticky":false,"template":"","format":"standard","meta":{"footnotes":""},"categories":[1],"tags":[],"class_list":["post-7950","post","type-post","status-publish","format-standard","has-post-thumbnail","hentry","category-inicio"],"_links":{"self":[{"href":"https:\/\/www.lodelmomentoloja.com\/index.php?rest_route=\/wp\/v2\/posts\/7950"}],"collection":[{"href":"https:\/\/www.lodelmomentoloja.com\/index.php?rest_route=\/wp\/v2\/posts"}],"about":[{"href":"https:\/\/www.lodelmomentoloja.com\/index.php?rest_route=\/wp\/v2\/types\/post"}],"author":[{"embeddable":true,"href":"https:\/\/www.lodelmomentoloja.com\/index.php?rest_route=\/wp\/v2\/users\/1"}],"replies":[{"embeddable":true,"href":"https:\/\/www.lodelmomentoloja.com\/index.php?rest_route=%2Fwp%2Fv2%2Fcomments&post=7950"}],"version-history":[{"count":1,"href":"https:\/\/www.lodelmomentoloja.com\/index.php?rest_route=\/wp\/v2\/posts\/7950\/revisions"}],"predecessor-version":[{"id":7952,"href":"https:\/\/www.lodelmomentoloja.com\/index.php?rest_route=\/wp\/v2\/posts\/7950\/revisions\/7952"}],"wp:featuredmedia":[{"embeddable":true,"href":"https:\/\/www.lodelmomentoloja.com\/index.php?rest_route=\/wp\/v2\/media\/7951"}],"wp:attachment":[{"href":"https:\/\/www.lodelmomentoloja.com\/index.php?rest_route=%2Fwp%2Fv2%2Fmedia&parent=7950"}],"wp:term":[{"taxonomy":"category","embeddable":true,"href":"https:\/\/www.lodelmomentoloja.com\/index.php?rest_route=%2Fwp%2Fv2%2Fcategories&post=7950"},{"taxonomy":"post_tag","embeddable":true,"href":"https:\/\/www.lodelmomentoloja.com\/index.php?rest_route=%2Fwp%2Fv2%2Ftags&post=7950"}],"curies":[{"name":"wp","href":"https:\/\/api.w.org\/{rel}","templated":true}]}}