{"id":7947,"date":"2022-02-11T12:21:23","date_gmt":"2022-02-11T12:21:23","guid":{"rendered":"https:\/\/www.lodelmomentoloja.com\/?p=7947"},"modified":"2022-02-11T17:22:54","modified_gmt":"2022-02-11T17:22:54","slug":"cuenca-contara-con-un-taxi-aereo","status":"publish","type":"post","link":"https:\/\/www.lodelmomentoloja.com\/?p=7947","title":{"rendered":"Cuenca contar\u00e1 con un Taxi a\u00e9reo"},"content":{"rendered":"<p>El Gerente de la CORPAC, Econ. Marcelo Carvallo dio a conocer el jueves 10 de febrero de 2022, de un nuevo servicio de taxi a\u00e9reo que brindar\u00e1 la Aerol\u00ednea \u201cCuencana Airlines\u201d en la ciudad.<\/p>\n<p>Se conoci\u00f3 que En los pr\u00f3ximos d\u00edas llegar\u00e1 la aeronave y una vez concluidos los procesos de certificaci\u00f3n, podr\u00e1 operar con vuelos ch\u00e1rter en las rutas a Guayaquil y a otras ciudades que pr\u00f3ximamente oficializar\u00e1n.<\/p>\n<p>Es una avioneta para 14 personas; 2 tripulantes y 12 pasajeros, seg\u00fan informaci\u00f3n preliminar.<\/p>\n<p>Se espera que para el pr\u00f3ximo jueves est\u00e9 en Cuenca, para m\u00e1s detalles. La aerol\u00ednea ya cuenta con oficinas y un espacio en el Aeropuerto Mariscal Lamar de la Atenas de Ecuador.<\/p>\n<p>Fuente: Radio Din\u00e1mica<\/p>\n<p>&nbsp;<\/p>\n<p>#LDMnoticias #lodelmomentolojaLDM<\/p>\n","protected":false},"excerpt":{"rendered":"<p>El Gerente de la CORPAC, Econ. Marcelo Carvallo dio a conocer el jueves 10 de&#8230;<\/p>\n","protected":false},"author":1,"featured_media":7948,"comment_status":"open","ping_status":"open","sticky":false,"template":"","format":"standard","meta":{"footnotes":""},"categories":[1],"tags":[],"class_list":["post-7947","post","type-post","status-publish","format-standard","has-post-thumbnail","hentry","category-inicio"],"_links":{"self":[{"href":"https:\/\/www.lodelmomentoloja.com\/index.php?rest_route=\/wp\/v2\/posts\/7947"}],"collection":[{"href":"https:\/\/www.lodelmomentoloja.com\/index.php?rest_route=\/wp\/v2\/posts"}],"about":[{"href":"https:\/\/www.lodelmomentoloja.com\/index.php?rest_route=\/wp\/v2\/types\/post"}],"author":[{"embeddable":true,"href":"https:\/\/www.lodelmomentoloja.com\/index.php?rest_route=\/wp\/v2\/users\/1"}],"replies":[{"embeddable":true,"href":"https:\/\/www.lodelmomentoloja.com\/index.php?rest_route=%2Fwp%2Fv2%2Fcomments&post=7947"}],"version-history":[{"count":1,"href":"https:\/\/www.lodelmomentoloja.com\/index.php?rest_route=\/wp\/v2\/posts\/7947\/revisions"}],"predecessor-version":[{"id":7949,"href":"https:\/\/www.lodelmomentoloja.com\/index.php?rest_route=\/wp\/v2\/posts\/7947\/revisions\/7949"}],"wp:featuredmedia":[{"embeddable":true,"href":"https:\/\/www.lodelmomentoloja.com\/index.php?rest_route=\/wp\/v2\/media\/7948"}],"wp:attachment":[{"href":"https:\/\/www.lodelmomentoloja.com\/index.php?rest_route=%2Fwp%2Fv2%2Fmedia&parent=7947"}],"wp:term":[{"taxonomy":"category","embeddable":true,"href":"https:\/\/www.lodelmomentoloja.com\/index.php?rest_route=%2Fwp%2Fv2%2Fcategories&post=7947"},{"taxonomy":"post_tag","embeddable":true,"href":"https:\/\/www.lodelmomentoloja.com\/index.php?rest_route=%2Fwp%2Fv2%2Ftags&post=7947"}],"curies":[{"name":"wp","href":"https:\/\/api.w.org\/{rel}","templated":true}]}}