{"id":7917,"date":"2022-02-09T16:38:41","date_gmt":"2022-02-09T16:38:41","guid":{"rendered":"https:\/\/www.lodelmomentoloja.com\/?p=7917"},"modified":"2022-02-09T21:39:27","modified_gmt":"2022-02-09T21:39:27","slug":"44-anos-sin-julio-jaramillo","status":"publish","type":"post","link":"https:\/\/www.lodelmomentoloja.com\/?p=7917","title":{"rendered":"44 a\u00f1os sin Julio Jaramillo"},"content":{"rendered":"<p>#Internacional | 44 a\u00f1os sin un \u00edcono musical.<\/p>\n<p>Un d\u00eda como hoy, 9 de febrero de 1978 parti\u00f3 el Ruise\u00f1or de Am\u00e9rica, sin embargo, nunca se fue porque su m\u00fasica y recuerdo vivir\u00e1n para siempre el la memoria de los ecuatorianos. Un hombre que le adjudicaron m\u00faltiples nacionalidades, como Venezuela, Colombia, M\u00e9xico, y muchos pa\u00edses de Am\u00e9rica Central y el Caribe.<\/p>\n<p>El int\u00e9rprete de Nuestro Juramento sufri\u00f3 un paro cardiorespiratorio que acab\u00f3 con su vida, e hizo llorar a todo el Ecuador. Sin duda, no habr\u00e1 otro cantante que conmueva tanto a las masas como &#8216;El man&#8217;.<\/p>\n<p>En Guayaquil, se han programado algunas actividades con motivo de recordar un aniversario m\u00e1s de la muerte de JJ. En la agenda cultural conmemorativa, prevista para este 9 de febrero, estar\u00e1n presentes los artistas Hilda Murillo, Fernando Vargas, Juan Carlos Acosta y Ezequiel Villamar.<\/p>\n<p>www.lodelmomentoloja.com<br \/>\n#LDMnoticias #lodelmomentolojaLDM<\/p>\n","protected":false},"excerpt":{"rendered":"<p>#Internacional | 44 a\u00f1os sin un \u00edcono musical. Un d\u00eda como hoy, 9 de febrero&#8230;<\/p>\n","protected":false},"author":1,"featured_media":7918,"comment_status":"open","ping_status":"open","sticky":false,"template":"","format":"standard","meta":{"footnotes":""},"categories":[1],"tags":[],"class_list":["post-7917","post","type-post","status-publish","format-standard","has-post-thumbnail","hentry","category-inicio"],"_links":{"self":[{"href":"https:\/\/www.lodelmomentoloja.com\/index.php?rest_route=\/wp\/v2\/posts\/7917"}],"collection":[{"href":"https:\/\/www.lodelmomentoloja.com\/index.php?rest_route=\/wp\/v2\/posts"}],"about":[{"href":"https:\/\/www.lodelmomentoloja.com\/index.php?rest_route=\/wp\/v2\/types\/post"}],"author":[{"embeddable":true,"href":"https:\/\/www.lodelmomentoloja.com\/index.php?rest_route=\/wp\/v2\/users\/1"}],"replies":[{"embeddable":true,"href":"https:\/\/www.lodelmomentoloja.com\/index.php?rest_route=%2Fwp%2Fv2%2Fcomments&post=7917"}],"version-history":[{"count":1,"href":"https:\/\/www.lodelmomentoloja.com\/index.php?rest_route=\/wp\/v2\/posts\/7917\/revisions"}],"predecessor-version":[{"id":7919,"href":"https:\/\/www.lodelmomentoloja.com\/index.php?rest_route=\/wp\/v2\/posts\/7917\/revisions\/7919"}],"wp:featuredmedia":[{"embeddable":true,"href":"https:\/\/www.lodelmomentoloja.com\/index.php?rest_route=\/wp\/v2\/media\/7918"}],"wp:attachment":[{"href":"https:\/\/www.lodelmomentoloja.com\/index.php?rest_route=%2Fwp%2Fv2%2Fmedia&parent=7917"}],"wp:term":[{"taxonomy":"category","embeddable":true,"href":"https:\/\/www.lodelmomentoloja.com\/index.php?rest_route=%2Fwp%2Fv2%2Fcategories&post=7917"},{"taxonomy":"post_tag","embeddable":true,"href":"https:\/\/www.lodelmomentoloja.com\/index.php?rest_route=%2Fwp%2Fv2%2Ftags&post=7917"}],"curies":[{"name":"wp","href":"https:\/\/api.w.org\/{rel}","templated":true}]}}