{"id":7907,"date":"2022-02-09T10:19:46","date_gmt":"2022-02-09T10:19:46","guid":{"rendered":"https:\/\/www.lodelmomentoloja.com\/?p=7907"},"modified":"2022-02-09T15:21:16","modified_gmt":"2022-02-09T15:21:16","slug":"caso-de-verruga-peruana-en-ecuador","status":"publish","type":"post","link":"https:\/\/www.lodelmomentoloja.com\/?p=7907","title":{"rendered":"Caso de &#8216;verruga peruana&#8217; en Ecuador"},"content":{"rendered":"<p>#Ecuador | Detectan primer caso de verruga peruana en Ecuador.<\/p>\n<p>El Ministerio de Salud investiga en la v\u00eda a la Costa (Guayaquil) un caso de \u2018verruga peruana\u2018, o fiebre de Oroya, enfermedad transmitida por un mosquito que no es propio de Ecuador.<\/p>\n<p>Un paciente de aproximadamente 30 a\u00f1os de edad fue atendido por presentar verrugas que sangran, problemas hep\u00e1ticos, fiebre y malestar general.<\/p>\n<p>Ante esto Alcald\u00eda de Guayaquil inform\u00f3 este martes que personal de la Jefatura de Control de Vectores hab\u00eda intensificado la fumigaci\u00f3n de mosquitos en la urbanizaci\u00f3n Puerto Azul y el kil\u00f3metro 12,5 de la v\u00eda a la Costa.<\/p>\n<p>La verruga peruana, fiebre de Oroya o tambi\u00e9n llamada enfermedad de Carri\u00f3n no es com\u00fan en el pa\u00eds. La causa la picadura de una especie de mosquito: el Lutzomyia verrucarum, end\u00e9mico en Per\u00fa y que habita adem\u00e1s en los valles andinos. La infecci\u00f3n es provocada por la bacteria Bartonella.<\/p>\n<p>Las dos presentaciones cl\u00e1sicas de la enfermedad son la fase aguda: con la presencia de fiebre mayor a 39\u00b0C, palidez, malestar general, hepatomegalia, ictericia, esplenomegalia, anemia hemol\u00edtica severa e inmunosupresi\u00f3n.<\/p>\n<p>En la fase cr\u00f3nica o eruptiva hay proliferaci\u00f3n de c\u00e9lulas endoteliales, que se conoce como \u2018verruga peruana\u2019. Los s\u00edntomas m\u00e1s comunes son sangrado de las verrugas, fiebre, malestar, artralgias, anorexia, mialgia, palidez, linfadenopat\u00eda y herpato-esplenomegalia.<\/p>\n<p>www.lodelmomentoloja.com<br \/>\n#LDMnoticias #lodelmomentolojaLDM<\/p>\n","protected":false},"excerpt":{"rendered":"<p>#Ecuador | Detectan primer caso de verruga peruana en Ecuador. El Ministerio de Salud investiga&#8230;<\/p>\n","protected":false},"author":1,"featured_media":7908,"comment_status":"open","ping_status":"open","sticky":false,"template":"","format":"standard","meta":{"footnotes":""},"categories":[1],"tags":[],"class_list":["post-7907","post","type-post","status-publish","format-standard","has-post-thumbnail","hentry","category-inicio"],"_links":{"self":[{"href":"https:\/\/www.lodelmomentoloja.com\/index.php?rest_route=\/wp\/v2\/posts\/7907"}],"collection":[{"href":"https:\/\/www.lodelmomentoloja.com\/index.php?rest_route=\/wp\/v2\/posts"}],"about":[{"href":"https:\/\/www.lodelmomentoloja.com\/index.php?rest_route=\/wp\/v2\/types\/post"}],"author":[{"embeddable":true,"href":"https:\/\/www.lodelmomentoloja.com\/index.php?rest_route=\/wp\/v2\/users\/1"}],"replies":[{"embeddable":true,"href":"https:\/\/www.lodelmomentoloja.com\/index.php?rest_route=%2Fwp%2Fv2%2Fcomments&post=7907"}],"version-history":[{"count":1,"href":"https:\/\/www.lodelmomentoloja.com\/index.php?rest_route=\/wp\/v2\/posts\/7907\/revisions"}],"predecessor-version":[{"id":7909,"href":"https:\/\/www.lodelmomentoloja.com\/index.php?rest_route=\/wp\/v2\/posts\/7907\/revisions\/7909"}],"wp:featuredmedia":[{"embeddable":true,"href":"https:\/\/www.lodelmomentoloja.com\/index.php?rest_route=\/wp\/v2\/media\/7908"}],"wp:attachment":[{"href":"https:\/\/www.lodelmomentoloja.com\/index.php?rest_route=%2Fwp%2Fv2%2Fmedia&parent=7907"}],"wp:term":[{"taxonomy":"category","embeddable":true,"href":"https:\/\/www.lodelmomentoloja.com\/index.php?rest_route=%2Fwp%2Fv2%2Fcategories&post=7907"},{"taxonomy":"post_tag","embeddable":true,"href":"https:\/\/www.lodelmomentoloja.com\/index.php?rest_route=%2Fwp%2Fv2%2Ftags&post=7907"}],"curies":[{"name":"wp","href":"https:\/\/api.w.org\/{rel}","templated":true}]}}