{"id":7875,"date":"2022-02-07T17:40:36","date_gmt":"2022-02-07T17:40:36","guid":{"rendered":"https:\/\/www.lodelmomentoloja.com\/?p=7875"},"modified":"2022-02-07T22:42:59","modified_gmt":"2022-02-07T22:42:59","slug":"papa-francisco-envia-mensaje-a-afectados-por-el-aluvion","status":"publish","type":"post","link":"https:\/\/www.lodelmomentoloja.com\/?p=7875","title":{"rendered":"Papa Francisco env\u00eda mensaje a afectados por el aluvi\u00f3n."},"content":{"rendered":"<p>#Internacional | La<b>\u00a0Conferencia Episcopal Ecuatoriana<\/b>\u00a0comparti\u00f3 en su cuenta de Twitter un mensaje enviado por el\u00a0<b>papa Francisco<\/b>\u00a0a los afectados por el\u00a0<b>aluvi\u00f3n<\/b>\u00a0del pasado 31 de enero de 2022, en\u00a0<b>La Comuna y La Gasca,\u00a0<\/b>en el centro norte de Quito.<\/p>\n<p class=\"prose-text\">\u201cEl Santo Padre, profundamente\u00a0<b>apenado al conocer los desastres naturales\u00a0<\/b>que est\u00e1n afectando a esa amada naci\u00f3n y que han ocasionado tantas v\u00edctimas y da\u00f1os materiales,\u00a0<b>ofrece fervientes sufragios<\/b>\u00a0por el eterno descanso de los fallecidos\u201d, dice el documento.<\/p>\n<p>Tambi\u00e9n sostiene que el papa suplica al Se\u00f1or que conceda el<b>\u00a0consuelo a los deudos y a todas las personas que sufren<\/b>\u00a0tras el paso del aluvi\u00f3n.<\/p>\n<p>&nbsp;<\/p>\n<p>www.lodelmomentoloja.com<\/p>\n<p>#LDMnoticias #lodelmomentolojaLDM<\/p>\n","protected":false},"excerpt":{"rendered":"<p>#Internacional | La\u00a0Conferencia Episcopal Ecuatoriana\u00a0comparti\u00f3 en su cuenta de Twitter un mensaje enviado por el\u00a0papa&#8230;<\/p>\n","protected":false},"author":1,"featured_media":7876,"comment_status":"open","ping_status":"open","sticky":false,"template":"","format":"standard","meta":{"footnotes":""},"categories":[1],"tags":[],"class_list":["post-7875","post","type-post","status-publish","format-standard","has-post-thumbnail","hentry","category-inicio"],"_links":{"self":[{"href":"https:\/\/www.lodelmomentoloja.com\/index.php?rest_route=\/wp\/v2\/posts\/7875"}],"collection":[{"href":"https:\/\/www.lodelmomentoloja.com\/index.php?rest_route=\/wp\/v2\/posts"}],"about":[{"href":"https:\/\/www.lodelmomentoloja.com\/index.php?rest_route=\/wp\/v2\/types\/post"}],"author":[{"embeddable":true,"href":"https:\/\/www.lodelmomentoloja.com\/index.php?rest_route=\/wp\/v2\/users\/1"}],"replies":[{"embeddable":true,"href":"https:\/\/www.lodelmomentoloja.com\/index.php?rest_route=%2Fwp%2Fv2%2Fcomments&post=7875"}],"version-history":[{"count":1,"href":"https:\/\/www.lodelmomentoloja.com\/index.php?rest_route=\/wp\/v2\/posts\/7875\/revisions"}],"predecessor-version":[{"id":7877,"href":"https:\/\/www.lodelmomentoloja.com\/index.php?rest_route=\/wp\/v2\/posts\/7875\/revisions\/7877"}],"wp:featuredmedia":[{"embeddable":true,"href":"https:\/\/www.lodelmomentoloja.com\/index.php?rest_route=\/wp\/v2\/media\/7876"}],"wp:attachment":[{"href":"https:\/\/www.lodelmomentoloja.com\/index.php?rest_route=%2Fwp%2Fv2%2Fmedia&parent=7875"}],"wp:term":[{"taxonomy":"category","embeddable":true,"href":"https:\/\/www.lodelmomentoloja.com\/index.php?rest_route=%2Fwp%2Fv2%2Fcategories&post=7875"},{"taxonomy":"post_tag","embeddable":true,"href":"https:\/\/www.lodelmomentoloja.com\/index.php?rest_route=%2Fwp%2Fv2%2Ftags&post=7875"}],"curies":[{"name":"wp","href":"https:\/\/api.w.org\/{rel}","templated":true}]}}