{"id":787,"date":"2020-11-12T08:00:47","date_gmt":"2020-11-12T08:00:47","guid":{"rendered":"http:\/\/www.lodelmomentoloja.com\/?p=787"},"modified":"2020-11-12T16:55:37","modified_gmt":"2020-11-12T16:55:37","slug":"arauz-y-vargas-en-recibimiento-de-evo-morales-en-bolivia","status":"publish","type":"post","link":"https:\/\/www.lodelmomentoloja.com\/?p=787","title":{"rendered":"Arauz y Vargas en recibimiento de Evo Morales en Bolivia."},"content":{"rendered":"\n<p>Arauz y Vargas acompa\u00f1aron a Evo.<\/p>\n\n\n\n<p>Los actores pol\u00edticos ecuatorianos Jaime Vargas presidente de la Confederaci\u00f3n de Nacionalidades Ind\u00edgenas del Ecuador (CONAIE), Jaime Vargas, coincidi\u00f3 con el precandidato a la presidencia por la alianza Uni\u00f3n por la Esperanza (Unes), Andr\u00e9s Arauz, en un acto pol\u00edtico organizado por el expresidente de Bolivia, Evo Morales.<\/p>\n\n\n\n<p>\u201cA nivel internacional, la tarea es, hoy, que los pueblos vuelvan a gobernar para integrarnos. Debemos relanzar UNASUR para enfrentar a OEA. Saludo la presencia, en Chimor\u00e9, de @ecuarauz, candidato del partido de @MashiRafael y al presidente de @CONAIE_Ecuador, Jaime Vargas\u201d, escribi\u00f3 Morales en su cuenta de Twitter.<\/p>\n","protected":false},"excerpt":{"rendered":"<p>Arauz y Vargas acompa\u00f1aron a Evo. Los actores pol\u00edticos ecuatorianos Jaime Vargas presidente de la&#8230;<\/p>\n","protected":false},"author":1,"featured_media":788,"comment_status":"open","ping_status":"open","sticky":false,"template":"","format":"standard","meta":{"footnotes":""},"categories":[7,1,4],"tags":[],"class_list":["post-787","post","type-post","status-publish","format-standard","has-post-thumbnail","hentry","category-ecuador","category-inicio","category-internacional"],"_links":{"self":[{"href":"https:\/\/www.lodelmomentoloja.com\/index.php?rest_route=\/wp\/v2\/posts\/787"}],"collection":[{"href":"https:\/\/www.lodelmomentoloja.com\/index.php?rest_route=\/wp\/v2\/posts"}],"about":[{"href":"https:\/\/www.lodelmomentoloja.com\/index.php?rest_route=\/wp\/v2\/types\/post"}],"author":[{"embeddable":true,"href":"https:\/\/www.lodelmomentoloja.com\/index.php?rest_route=\/wp\/v2\/users\/1"}],"replies":[{"embeddable":true,"href":"https:\/\/www.lodelmomentoloja.com\/index.php?rest_route=%2Fwp%2Fv2%2Fcomments&post=787"}],"version-history":[{"count":1,"href":"https:\/\/www.lodelmomentoloja.com\/index.php?rest_route=\/wp\/v2\/posts\/787\/revisions"}],"predecessor-version":[{"id":789,"href":"https:\/\/www.lodelmomentoloja.com\/index.php?rest_route=\/wp\/v2\/posts\/787\/revisions\/789"}],"wp:featuredmedia":[{"embeddable":true,"href":"https:\/\/www.lodelmomentoloja.com\/index.php?rest_route=\/wp\/v2\/media\/788"}],"wp:attachment":[{"href":"https:\/\/www.lodelmomentoloja.com\/index.php?rest_route=%2Fwp%2Fv2%2Fmedia&parent=787"}],"wp:term":[{"taxonomy":"category","embeddable":true,"href":"https:\/\/www.lodelmomentoloja.com\/index.php?rest_route=%2Fwp%2Fv2%2Fcategories&post=787"},{"taxonomy":"post_tag","embeddable":true,"href":"https:\/\/www.lodelmomentoloja.com\/index.php?rest_route=%2Fwp%2Fv2%2Ftags&post=787"}],"curies":[{"name":"wp","href":"https:\/\/api.w.org\/{rel}","templated":true}]}}