{"id":7869,"date":"2022-02-07T14:32:10","date_gmt":"2022-02-07T14:32:10","guid":{"rendered":"https:\/\/www.lodelmomentoloja.com\/?p=7869"},"modified":"2022-02-07T19:37:27","modified_gmt":"2022-02-07T19:37:27","slug":"regreso-a-clases-obligatorio-en-ecuador","status":"publish","type":"post","link":"https:\/\/www.lodelmomentoloja.com\/?p=7869","title":{"rendered":"Regreso a clases obligatorio en Ecuador."},"content":{"rendered":"<p>#Ecuador |\u00a0 A nivel del pa\u00eds ya se registra un gran porcentaje de alumnos regresando a las aulas de las instituciones educativas.<\/p>\n<p>Presencialidad obligatoria.<\/p>\n<p>Todos los estudiantes desde octavo de b\u00e1sica hasta tercero de bachillerato, de todas las instituciones educativas que ofertan estos niveles, asistir\u00e1n de manera presencial. Esto aplica para todos los colores del sem\u00e1foro.<\/p>\n<p>Lo mismo se dispone para quienes cursan desde primero de b\u00e1sica hasta tercero de bachillerato, pero en planteles unidocentes, bidocentes o pluridocentes de las zonas rurales. En ambos casos no hay restricci\u00f3n de aforo.<\/p>\n<p>El Ministerio de Educaci\u00f3n inform\u00f3 que la obligatoriedad de la modalidad presencial es para las instituciones. Estas deber\u00e1n informar a los Distritos sobre casos de alumnos en condiciones de vulnerabilidad, que no puedan asistir a las aulas<\/p>\n<p>En el caso de Loja, durante el transcurso del d\u00eda, se registr\u00f3 una gran afluencia de alumnos ingresando a las diferentes unidades educativas, tanto en el \u00e1rea matutina, como vespertina.<\/p>\n<p>www.lodelmomentoloja.com<\/p>\n<p>#LDMnoticias #lodelmomentolojaLDM<\/p>\n","protected":false},"excerpt":{"rendered":"<p>#Ecuador |\u00a0 A nivel del pa\u00eds ya se registra un gran porcentaje de alumnos regresando&#8230;<\/p>\n","protected":false},"author":1,"featured_media":7870,"comment_status":"open","ping_status":"open","sticky":false,"template":"","format":"standard","meta":{"footnotes":""},"categories":[1],"tags":[],"class_list":["post-7869","post","type-post","status-publish","format-standard","has-post-thumbnail","hentry","category-inicio"],"_links":{"self":[{"href":"https:\/\/www.lodelmomentoloja.com\/index.php?rest_route=\/wp\/v2\/posts\/7869"}],"collection":[{"href":"https:\/\/www.lodelmomentoloja.com\/index.php?rest_route=\/wp\/v2\/posts"}],"about":[{"href":"https:\/\/www.lodelmomentoloja.com\/index.php?rest_route=\/wp\/v2\/types\/post"}],"author":[{"embeddable":true,"href":"https:\/\/www.lodelmomentoloja.com\/index.php?rest_route=\/wp\/v2\/users\/1"}],"replies":[{"embeddable":true,"href":"https:\/\/www.lodelmomentoloja.com\/index.php?rest_route=%2Fwp%2Fv2%2Fcomments&post=7869"}],"version-history":[{"count":1,"href":"https:\/\/www.lodelmomentoloja.com\/index.php?rest_route=\/wp\/v2\/posts\/7869\/revisions"}],"predecessor-version":[{"id":7871,"href":"https:\/\/www.lodelmomentoloja.com\/index.php?rest_route=\/wp\/v2\/posts\/7869\/revisions\/7871"}],"wp:featuredmedia":[{"embeddable":true,"href":"https:\/\/www.lodelmomentoloja.com\/index.php?rest_route=\/wp\/v2\/media\/7870"}],"wp:attachment":[{"href":"https:\/\/www.lodelmomentoloja.com\/index.php?rest_route=%2Fwp%2Fv2%2Fmedia&parent=7869"}],"wp:term":[{"taxonomy":"category","embeddable":true,"href":"https:\/\/www.lodelmomentoloja.com\/index.php?rest_route=%2Fwp%2Fv2%2Fcategories&post=7869"},{"taxonomy":"post_tag","embeddable":true,"href":"https:\/\/www.lodelmomentoloja.com\/index.php?rest_route=%2Fwp%2Fv2%2Ftags&post=7869"}],"curies":[{"name":"wp","href":"https:\/\/api.w.org\/{rel}","templated":true}]}}