{"id":7821,"date":"2022-02-03T12:16:16","date_gmt":"2022-02-03T12:16:16","guid":{"rendered":"https:\/\/www.lodelmomentoloja.com\/?p=7821"},"modified":"2022-02-03T17:21:27","modified_gmt":"2022-02-03T17:21:27","slug":"medico-lojano-advierte-sobre-bruma-en-loja","status":"publish","type":"post","link":"https:\/\/www.lodelmomentoloja.com\/?p=7821","title":{"rendered":"M\u00e9dico lojano advierte sobre bruma en Loja."},"content":{"rendered":"<p dir=\"ltr\">#Loja | M\u00e9dico lojano advierte sobre la bruma en que cubre la ciudad castellana.<\/p>\n<p dir=\"ltr\">A trav\u00e9s de su cuenta personal de Facebook, el m\u00e9dico especialista Claudio Abenda\u00f1o mencion\u00f3 lo siguiente.: &#8220;En la ma\u00f1ana pens\u00e1bamos que era neblina, m\u00e1s tarde se especul\u00f3 que podr\u00eda ser un incendio, otra versi\u00f3n hablaba\u00a0 de ceniza volc\u00e1nica.\u00a0 La Universidad del Azuay dilucid\u00f3 el enigma y report\u00f3 que se trata de contaminaci\u00f3n e inversi\u00f3n t\u00e9rmica.\u00a0 Se estima que este material particulado estar\u00e1 presente entre 72-96 horas en total.<\/p>\n<p dir=\"ltr\">&#8220;Se debe tener cuidado de no exponer nuestras v\u00edas respiratorias mientras dure este fen\u00f3meno, por lo tanto si vas a estar al aire libre usa mascarilla ya que el aire est\u00e9 momento no es saludable, tambi\u00e9n se deben proteger nuestros ojos ya que una exposici\u00f3n prolongada puede causar una conjuntivitis.&#8221;<\/p>\n<p dir=\"ltr\">www.lodelmomentoloja.com<br \/>\n#LDMnoticias#lodelmomentolojaLDM<\/p>\n","protected":false},"excerpt":{"rendered":"<p>#Loja | M\u00e9dico lojano advierte sobre la bruma en que cubre la ciudad castellana. A&#8230;<\/p>\n","protected":false},"author":1,"featured_media":7822,"comment_status":"open","ping_status":"open","sticky":false,"template":"","format":"standard","meta":{"footnotes":""},"categories":[1],"tags":[],"class_list":["post-7821","post","type-post","status-publish","format-standard","has-post-thumbnail","hentry","category-inicio"],"_links":{"self":[{"href":"https:\/\/www.lodelmomentoloja.com\/index.php?rest_route=\/wp\/v2\/posts\/7821"}],"collection":[{"href":"https:\/\/www.lodelmomentoloja.com\/index.php?rest_route=\/wp\/v2\/posts"}],"about":[{"href":"https:\/\/www.lodelmomentoloja.com\/index.php?rest_route=\/wp\/v2\/types\/post"}],"author":[{"embeddable":true,"href":"https:\/\/www.lodelmomentoloja.com\/index.php?rest_route=\/wp\/v2\/users\/1"}],"replies":[{"embeddable":true,"href":"https:\/\/www.lodelmomentoloja.com\/index.php?rest_route=%2Fwp%2Fv2%2Fcomments&post=7821"}],"version-history":[{"count":1,"href":"https:\/\/www.lodelmomentoloja.com\/index.php?rest_route=\/wp\/v2\/posts\/7821\/revisions"}],"predecessor-version":[{"id":7823,"href":"https:\/\/www.lodelmomentoloja.com\/index.php?rest_route=\/wp\/v2\/posts\/7821\/revisions\/7823"}],"wp:featuredmedia":[{"embeddable":true,"href":"https:\/\/www.lodelmomentoloja.com\/index.php?rest_route=\/wp\/v2\/media\/7822"}],"wp:attachment":[{"href":"https:\/\/www.lodelmomentoloja.com\/index.php?rest_route=%2Fwp%2Fv2%2Fmedia&parent=7821"}],"wp:term":[{"taxonomy":"category","embeddable":true,"href":"https:\/\/www.lodelmomentoloja.com\/index.php?rest_route=%2Fwp%2Fv2%2Fcategories&post=7821"},{"taxonomy":"post_tag","embeddable":true,"href":"https:\/\/www.lodelmomentoloja.com\/index.php?rest_route=%2Fwp%2Fv2%2Ftags&post=7821"}],"curies":[{"name":"wp","href":"https:\/\/api.w.org\/{rel}","templated":true}]}}