{"id":7790,"date":"2022-02-02T09:12:34","date_gmt":"2022-02-02T09:12:34","guid":{"rendered":"https:\/\/www.lodelmomentoloja.com\/?p=7790"},"modified":"2022-02-02T14:23:39","modified_gmt":"2022-02-02T14:23:39","slug":"yunda-es-acusado-por-fiscalia","status":"publish","type":"post","link":"https:\/\/www.lodelmomentoloja.com\/?p=7790","title":{"rendered":"Yunda es acusado por Fiscal\u00eda"},"content":{"rendered":"<p>#Ecuador |La <strong>Fiscal\u00eda\u00a0<\/strong>acus\u00f3 del delito de\u00a0<strong>asociaci\u00f3n il\u00edcita\u00a0<\/strong>a\u00a0<strong>Sebasti\u00e1n Yunda<\/strong>\u00a0y siete personas m\u00e1s.<\/p>\n<p>La diligencia ocurri\u00f3 el martes 1 de febrero del 2022, durante el segundo d\u00eda de <strong>audiencia\u00a0<\/strong>preparatoria de\u00a0<strong>juicio<\/strong>, en el\u00a0<strong>Complejo Judicial\u00a0<\/strong>Norte de\u00a0<strong>Quito<\/strong>.<\/p>\n<p>La\u00a0<strong>fiscal M\u00f3nica Tirado<\/strong>\u00a0se\u00f1al\u00f3 a Sebasti\u00e1n Yunda, hijo del\u00a0<strong>exalcalde Jorge Yunda<\/strong>; a su t\u00edo\u00a0<strong>C\u00e9sar Yunda\u00a0<\/strong>y a un\u00a0<strong>empresario chino\u00a0<\/strong>como autores de ese delito. A los otros cinco imputados, como\u00a0<strong>coautores\u00a0<\/strong>del il\u00edcito.<\/p>\n<p>La asociaci\u00f3n il\u00edcita es <strong>sancionada <\/strong>con<strong>c\u00e1rcel\u00a0<\/strong>de tres a cinco a\u00f1os. As\u00ed lo establece el art\u00edculo\u00a0370 del C\u00f3digo Org\u00e1nico Integral\u00a0Penal (<strong>COIP<\/strong>).<\/p>\n<p>www.lodelmomentoloja.com<\/p>\n<p>#LDMnoticias #lodelmomentolojaLDM<\/p>\n","protected":false},"excerpt":{"rendered":"<p>#Ecuador |La Fiscal\u00eda\u00a0acus\u00f3 del delito de\u00a0asociaci\u00f3n il\u00edcita\u00a0a\u00a0Sebasti\u00e1n Yunda\u00a0y siete personas m\u00e1s. La diligencia ocurri\u00f3 el&#8230;<\/p>\n","protected":false},"author":1,"featured_media":7791,"comment_status":"open","ping_status":"open","sticky":false,"template":"","format":"standard","meta":{"footnotes":""},"categories":[7],"tags":[],"class_list":["post-7790","post","type-post","status-publish","format-standard","has-post-thumbnail","hentry","category-ecuador"],"_links":{"self":[{"href":"https:\/\/www.lodelmomentoloja.com\/index.php?rest_route=\/wp\/v2\/posts\/7790"}],"collection":[{"href":"https:\/\/www.lodelmomentoloja.com\/index.php?rest_route=\/wp\/v2\/posts"}],"about":[{"href":"https:\/\/www.lodelmomentoloja.com\/index.php?rest_route=\/wp\/v2\/types\/post"}],"author":[{"embeddable":true,"href":"https:\/\/www.lodelmomentoloja.com\/index.php?rest_route=\/wp\/v2\/users\/1"}],"replies":[{"embeddable":true,"href":"https:\/\/www.lodelmomentoloja.com\/index.php?rest_route=%2Fwp%2Fv2%2Fcomments&post=7790"}],"version-history":[{"count":1,"href":"https:\/\/www.lodelmomentoloja.com\/index.php?rest_route=\/wp\/v2\/posts\/7790\/revisions"}],"predecessor-version":[{"id":7792,"href":"https:\/\/www.lodelmomentoloja.com\/index.php?rest_route=\/wp\/v2\/posts\/7790\/revisions\/7792"}],"wp:featuredmedia":[{"embeddable":true,"href":"https:\/\/www.lodelmomentoloja.com\/index.php?rest_route=\/wp\/v2\/media\/7791"}],"wp:attachment":[{"href":"https:\/\/www.lodelmomentoloja.com\/index.php?rest_route=%2Fwp%2Fv2%2Fmedia&parent=7790"}],"wp:term":[{"taxonomy":"category","embeddable":true,"href":"https:\/\/www.lodelmomentoloja.com\/index.php?rest_route=%2Fwp%2Fv2%2Fcategories&post=7790"},{"taxonomy":"post_tag","embeddable":true,"href":"https:\/\/www.lodelmomentoloja.com\/index.php?rest_route=%2Fwp%2Fv2%2Ftags&post=7790"}],"curies":[{"name":"wp","href":"https:\/\/api.w.org\/{rel}","templated":true}]}}