{"id":7787,"date":"2022-02-01T17:40:25","date_gmt":"2022-02-01T17:40:25","guid":{"rendered":"https:\/\/www.lodelmomentoloja.com\/?p=7787"},"modified":"2022-02-01T22:40:56","modified_gmt":"2022-02-01T22:40:56","slug":"quito-esta-de-luto-por-aluvion","status":"publish","type":"post","link":"https:\/\/www.lodelmomentoloja.com\/?p=7787","title":{"rendered":"Quito est\u00e1 de luto por aluvi\u00f3n"},"content":{"rendered":"<p>#UIO | El Municipio de Quito, presidido por el alcalde Santiago Guarderas, declar\u00f3 tres d\u00edas de luto en el Distrito Metropolitano. Como parte de la medida, las banderas se izar\u00e1n a media asta en las dependencias municipales.<\/p>\n<p>La explicaci\u00f3n del Comit\u00e9 de Operaciones de Emergencia (COE) Metropolitano es que las lluvias sobrepasaron por cuatro veces la capacidad de los diques de contenci\u00f3n en la ladera. El \u00faltimo reporte municipal, de las 15:30, suma un total de 23 fallecidos, 47 heridos (dos de ellos cr\u00edticos) y 15 desaparecidos por el aluvi\u00f3n que sucedi\u00f3 en el sector de La Gasca, en Quito, la tarde y noche del 31 de enero.<\/p>\n<p>www.lodelmomentoloja.com<br \/>\n#LDMnoticias #lodelmomentolojaLDM<\/p>\n","protected":false},"excerpt":{"rendered":"<p>#UIO | El Municipio de Quito, presidido por el alcalde Santiago Guarderas, declar\u00f3 tres d\u00edas&#8230;<\/p>\n","protected":false},"author":1,"featured_media":7788,"comment_status":"open","ping_status":"open","sticky":false,"template":"","format":"standard","meta":{"footnotes":""},"categories":[7],"tags":[],"class_list":["post-7787","post","type-post","status-publish","format-standard","has-post-thumbnail","hentry","category-ecuador"],"_links":{"self":[{"href":"https:\/\/www.lodelmomentoloja.com\/index.php?rest_route=\/wp\/v2\/posts\/7787"}],"collection":[{"href":"https:\/\/www.lodelmomentoloja.com\/index.php?rest_route=\/wp\/v2\/posts"}],"about":[{"href":"https:\/\/www.lodelmomentoloja.com\/index.php?rest_route=\/wp\/v2\/types\/post"}],"author":[{"embeddable":true,"href":"https:\/\/www.lodelmomentoloja.com\/index.php?rest_route=\/wp\/v2\/users\/1"}],"replies":[{"embeddable":true,"href":"https:\/\/www.lodelmomentoloja.com\/index.php?rest_route=%2Fwp%2Fv2%2Fcomments&post=7787"}],"version-history":[{"count":1,"href":"https:\/\/www.lodelmomentoloja.com\/index.php?rest_route=\/wp\/v2\/posts\/7787\/revisions"}],"predecessor-version":[{"id":7789,"href":"https:\/\/www.lodelmomentoloja.com\/index.php?rest_route=\/wp\/v2\/posts\/7787\/revisions\/7789"}],"wp:featuredmedia":[{"embeddable":true,"href":"https:\/\/www.lodelmomentoloja.com\/index.php?rest_route=\/wp\/v2\/media\/7788"}],"wp:attachment":[{"href":"https:\/\/www.lodelmomentoloja.com\/index.php?rest_route=%2Fwp%2Fv2%2Fmedia&parent=7787"}],"wp:term":[{"taxonomy":"category","embeddable":true,"href":"https:\/\/www.lodelmomentoloja.com\/index.php?rest_route=%2Fwp%2Fv2%2Fcategories&post=7787"},{"taxonomy":"post_tag","embeddable":true,"href":"https:\/\/www.lodelmomentoloja.com\/index.php?rest_route=%2Fwp%2Fv2%2Ftags&post=7787"}],"curies":[{"name":"wp","href":"https:\/\/api.w.org\/{rel}","templated":true}]}}