{"id":7784,"date":"2022-02-01T15:34:26","date_gmt":"2022-02-01T15:34:26","guid":{"rendered":"https:\/\/www.lodelmomentoloja.com\/?p=7784"},"modified":"2022-02-01T20:37:01","modified_gmt":"2022-02-01T20:37:01","slug":"aumenta-a-22-la-cifra-de-fallecidos-por-aluvion","status":"publish","type":"post","link":"https:\/\/www.lodelmomentoloja.com\/?p=7784","title":{"rendered":"Aumenta a 22 la cifra de fallecidos por aluvi\u00f3n"},"content":{"rendered":"<p>#Ecuador | La cifra de fallecidos por el aluvi\u00f3n que el lunes afect\u00f3 a barrios del centro oeste de la capital ecuatoriana, Quito, ascendi\u00f3 a 22, mientras que los heridos son 47 y se ha alertado de que al menos hay una veintena de desaparecidos, inform\u00f3 este martes el alcalde de la ciudad, Santiago Guarderas.<\/p>\n<p>En una rueda de prensa el regidor precis\u00f3 que dos de los heridos se encuentran en situaci\u00f3n cr\u00edtica e ingresados en el hospital del Instituto Ecuatoriano de Seguridad Social.<\/p>\n<p>El alud ocurri\u00f3 en medio del fuerte aguacero que azot\u00f3 la capital ecuatoriana en la tarde del lunes, con un r\u00e9cord de precipitaciones.<\/p>\n<p>De acuerdo a Guarderas, la tempestad que cay\u00f3 en la v\u00edspera sobre Quito fue in\u00e9dita, con 75 litros por metro cuadrado, cuando se esperaban apenas dos litros por metro cuadrado.<\/p>\n<p>El aluvi\u00f3n provocado por el temporal desbord\u00f3 la capacidad de las infraestructuras de captaci\u00f3n y embalse de las aguas lluvias que bajan desde el volc\u00e1n Pichincha, que se erige al oeste de la ciudad, apunt\u00f3 Guarderas.<\/p>\n<p>El vicepresidente de Ecuador, Alfredo Borrero, se solidariz\u00f3 con los afectados y ofreci\u00f3 el apoyo del Gobierno que preside Guillermo Lasso, quien se encuentra de viaje a China.<\/p>\n<p>www.lodelmomentoloja.com<br \/>\n#LDMnoticias #lodelmomentolojaLDM<\/p>\n","protected":false},"excerpt":{"rendered":"<p>#Ecuador | La cifra de fallecidos por el aluvi\u00f3n que el lunes afect\u00f3 a barrios&#8230;<\/p>\n","protected":false},"author":1,"featured_media":7785,"comment_status":"open","ping_status":"open","sticky":false,"template":"","format":"standard","meta":{"footnotes":""},"categories":[7],"tags":[],"class_list":["post-7784","post","type-post","status-publish","format-standard","has-post-thumbnail","hentry","category-ecuador"],"_links":{"self":[{"href":"https:\/\/www.lodelmomentoloja.com\/index.php?rest_route=\/wp\/v2\/posts\/7784"}],"collection":[{"href":"https:\/\/www.lodelmomentoloja.com\/index.php?rest_route=\/wp\/v2\/posts"}],"about":[{"href":"https:\/\/www.lodelmomentoloja.com\/index.php?rest_route=\/wp\/v2\/types\/post"}],"author":[{"embeddable":true,"href":"https:\/\/www.lodelmomentoloja.com\/index.php?rest_route=\/wp\/v2\/users\/1"}],"replies":[{"embeddable":true,"href":"https:\/\/www.lodelmomentoloja.com\/index.php?rest_route=%2Fwp%2Fv2%2Fcomments&post=7784"}],"version-history":[{"count":1,"href":"https:\/\/www.lodelmomentoloja.com\/index.php?rest_route=\/wp\/v2\/posts\/7784\/revisions"}],"predecessor-version":[{"id":7786,"href":"https:\/\/www.lodelmomentoloja.com\/index.php?rest_route=\/wp\/v2\/posts\/7784\/revisions\/7786"}],"wp:featuredmedia":[{"embeddable":true,"href":"https:\/\/www.lodelmomentoloja.com\/index.php?rest_route=\/wp\/v2\/media\/7785"}],"wp:attachment":[{"href":"https:\/\/www.lodelmomentoloja.com\/index.php?rest_route=%2Fwp%2Fv2%2Fmedia&parent=7784"}],"wp:term":[{"taxonomy":"category","embeddable":true,"href":"https:\/\/www.lodelmomentoloja.com\/index.php?rest_route=%2Fwp%2Fv2%2Fcategories&post=7784"},{"taxonomy":"post_tag","embeddable":true,"href":"https:\/\/www.lodelmomentoloja.com\/index.php?rest_route=%2Fwp%2Fv2%2Ftags&post=7784"}],"curies":[{"name":"wp","href":"https:\/\/api.w.org\/{rel}","templated":true}]}}