{"id":7762,"date":"2022-01-31T11:00:01","date_gmt":"2022-01-31T11:00:01","guid":{"rendered":"https:\/\/www.lodelmomentoloja.com\/?p=7762"},"modified":"2022-01-31T19:35:43","modified_gmt":"2022-01-31T19:35:43","slug":"denuncian-activismo-politico-desde-la-zonal-7-de-salud","status":"publish","type":"post","link":"https:\/\/www.lodelmomentoloja.com\/?p=7762","title":{"rendered":"Denuncian activismo pol\u00edtico desde la Zonal 7 de Salud"},"content":{"rendered":"<p><img loading=\"lazy\" decoding=\"async\" class=\"wp-image-7763 alignleft\" src=\"http:\/\/www.lodelmomentoloja.com\/wp-content\/uploads\/2022\/01\/wertgyh-1-626x1024.jpg\" alt=\"\" width=\"389\" height=\"636\" srcset=\"https:\/\/www.lodelmomentoloja.com\/wp-content\/uploads\/2022\/01\/wertgyh-1-626x1024.jpg 626w, https:\/\/www.lodelmomentoloja.com\/wp-content\/uploads\/2022\/01\/wertgyh-1-183x300.jpg 183w, https:\/\/www.lodelmomentoloja.com\/wp-content\/uploads\/2022\/01\/wertgyh-1-768x1257.jpg 768w, https:\/\/www.lodelmomentoloja.com\/wp-content\/uploads\/2022\/01\/wertgyh-1-640x1047.jpg 640w, https:\/\/www.lodelmomentoloja.com\/wp-content\/uploads\/2022\/01\/wertgyh-1-939x1536.jpg 939w, https:\/\/www.lodelmomentoloja.com\/wp-content\/uploads\/2022\/01\/wertgyh-1-1024x1676.jpg 1024w, https:\/\/www.lodelmomentoloja.com\/wp-content\/uploads\/2022\/01\/wertgyh-1.jpg 1042w\" sizes=\"(max-width: 389px) 100vw, 389px\" \/><\/p>\n<p>&nbsp;<\/p>\n<p>El periodista Fabricio Vela, realizaba una publicaci\u00f3n sobre el colapso de la v\u00eda Pujil\u00ed-La Mana de Cotopaxi, la cual resaltaba que &#8220;nos est\u00e1n cayendo las plagas&#8221;; esto, en referencia a la crisis que sufre el Ecuador por diferentes temas como: falta de atenci\u00f3n en vialidad, seguridad, crisis, etc. Sin embargo, una forma extra\u00f1a de contestar desde las redes sociales <strong>desde la cuenta oficial de la Coordinaci\u00f3n Zonal 7 de Salud mencionaba: &#8220;M\u00e1s plagas a\u00fan? Si sobrevivimos a los sociolistos de la RC&#8221;<\/strong>, acci\u00f3n que fue criticada por los ciudadanos que navegan en twitter.<\/p>\n<p>&nbsp;<\/p>\n<p>&nbsp;<\/p>\n<p>&nbsp;<\/p>\n<p>&nbsp;<\/p>\n<p>&nbsp;<\/p>\n<p>&nbsp;<\/p>\n<p>&nbsp;<\/p>\n<p>&nbsp;<\/p>\n<p>&nbsp;<\/p>\n<p>&nbsp;<\/p>\n<p>&nbsp;<\/p>\n<p>&nbsp;<\/p>\n<p>El periodista, realiz\u00f3 un post etiquetando a la Ministra de Salud y Coordinadora Zonal 7 de la misma instituci\u00f3n, <strong>denunci\u00f3 la forma de usar las redes sociales con ese tipo de respuestas pol\u00edticas<\/strong>. Ante la presi\u00f3n social, desde la misma cuenta de la zonal 7, pidi\u00f3 disculpas, argumentando que desde las cuentas institucionales est\u00e1n orientadas a informar de forma oportuna y pertinente.<\/p>\n<blockquote class=\"twitter-tweet\" data-width=\"550\" data-dnt=\"true\">\n<p lang=\"es\" dir=\"ltr\">\u00bfDesde cuentas institucionales tiene sentido este tipo de respuestas?<br \/>Cc <a href=\"https:\/\/twitter.com\/XimenaGarzon11?ref_src=twsrc%5Etfw\">@XimenaGarzon11<\/a> <a href=\"https:\/\/twitter.com\/Salud_Ec?ref_src=twsrc%5Etfw\">@Salud_Ec<\/a> <a href=\"https:\/\/twitter.com\/IsabelCuevaOrt1?ref_src=twsrc%5Etfw\">@IsabelCuevaOrt1<\/a> <a href=\"https:\/\/t.co\/diodHnzmel\">pic.twitter.com\/diodHnzmel<\/a><\/p>\n<p>&mdash; Fabricio Vela (@fabriciovelav) <a href=\"https:\/\/twitter.com\/fabriciovelav\/status\/1488132219831046147?ref_src=twsrc%5Etfw\">January 31, 2022<\/a><\/p><\/blockquote>\n<p><script async src=\"https:\/\/platform.twitter.com\/widgets.js\" charset=\"utf-8\"><\/script><\/p>\n<p>&nbsp;<\/p>\n<p><em>S\u00edguenos #LDMnoticias #lodelmomentolojaLDM<\/em><\/p>\n","protected":false},"excerpt":{"rendered":"<p>&nbsp; El periodista Fabricio Vela, realizaba una publicaci\u00f3n sobre el colapso de la v\u00eda Pujil\u00ed-La&#8230;<\/p>\n","protected":false},"author":1,"featured_media":7765,"comment_status":"open","ping_status":"open","sticky":false,"template":"","format":"standard","meta":{"footnotes":""},"categories":[1,5],"tags":[],"class_list":["post-7762","post","type-post","status-publish","format-standard","has-post-thumbnail","hentry","category-inicio","category-loja"],"_links":{"self":[{"href":"https:\/\/www.lodelmomentoloja.com\/index.php?rest_route=\/wp\/v2\/posts\/7762"}],"collection":[{"href":"https:\/\/www.lodelmomentoloja.com\/index.php?rest_route=\/wp\/v2\/posts"}],"about":[{"href":"https:\/\/www.lodelmomentoloja.com\/index.php?rest_route=\/wp\/v2\/types\/post"}],"author":[{"embeddable":true,"href":"https:\/\/www.lodelmomentoloja.com\/index.php?rest_route=\/wp\/v2\/users\/1"}],"replies":[{"embeddable":true,"href":"https:\/\/www.lodelmomentoloja.com\/index.php?rest_route=%2Fwp%2Fv2%2Fcomments&post=7762"}],"version-history":[{"count":2,"href":"https:\/\/www.lodelmomentoloja.com\/index.php?rest_route=\/wp\/v2\/posts\/7762\/revisions"}],"predecessor-version":[{"id":7766,"href":"https:\/\/www.lodelmomentoloja.com\/index.php?rest_route=\/wp\/v2\/posts\/7762\/revisions\/7766"}],"wp:featuredmedia":[{"embeddable":true,"href":"https:\/\/www.lodelmomentoloja.com\/index.php?rest_route=\/wp\/v2\/media\/7765"}],"wp:attachment":[{"href":"https:\/\/www.lodelmomentoloja.com\/index.php?rest_route=%2Fwp%2Fv2%2Fmedia&parent=7762"}],"wp:term":[{"taxonomy":"category","embeddable":true,"href":"https:\/\/www.lodelmomentoloja.com\/index.php?rest_route=%2Fwp%2Fv2%2Fcategories&post=7762"},{"taxonomy":"post_tag","embeddable":true,"href":"https:\/\/www.lodelmomentoloja.com\/index.php?rest_route=%2Fwp%2Fv2%2Ftags&post=7762"}],"curies":[{"name":"wp","href":"https:\/\/api.w.org\/{rel}","templated":true}]}}